{"id":1917,"date":"2026-03-16T21:26:03","date_gmt":"2026-03-16T20:26:03","guid":{"rendered":"https:\/\/anhermed.es\/?p=1917"},"modified":"2026-03-16T21:26:03","modified_gmt":"2026-03-16T20:26:03","slug":"cuantas-sesiones-depilacion-laser-necesito","status":"publish","type":"post","link":"https:\/\/anhermed.es\/cat\/cuantas-sesiones-depilacion-laser-necesito\/","title":{"rendered":"\u00bfCu\u00e1ntas sesiones de depilaci\u00f3n l\u00e1ser necesito seg\u00fan mi tipo de piel y vello?"},"content":{"rendered":"<p data-start=\"81\" data-end=\"395\">Una de las preguntas m\u00e1s frecuentes antes de empezar un tratamiento es <strong data-start=\"153\" data-end=\"241\">cu\u00e1ntas sesiones de depilaci\u00f3n l\u00e1ser necesito para eliminar el vello definitivamente<\/strong>. La respuesta no es exactamente igual para todas las personas, ya que <strong data-start=\"312\" data-end=\"394\">depende principalmente del tipo de piel, el tipo de vello y la zona del cuerpo<\/strong>.<\/p>\n<p data-start=\"397\" data-end=\"606\">En aquest article us expliquem <strong data-start=\"428\" data-end=\"490\">cu\u00e1ntas sesiones de depilaci\u00f3n l\u00e1ser suelen ser necesarias<\/strong>, qu\u00e9 factores influyen en los resultados y qu\u00e9 expectativas realistas debes tener antes de comenzar el tratamiento.<\/p>\n<p style=\"text-align: center;\" data-start=\"397\" data-end=\"606\"><img fetchpriority=\"high\" decoding=\"async\" class=\"alignnone wp-image-1918\" src=\"https:\/\/anhermed.es\/wp-content\/uploads\/2026\/03\/ANA-HERVAS-MEDINA-1-300x169.jpg\" alt=\"depilaci\u00f3n l\u00e1ser en cl\u00ednica est\u00e9tica tratamiento profesional\" width=\"783\" height=\"441\" srcset=\"https:\/\/anhermed.es\/wp-content\/uploads\/2026\/03\/ANA-HERVAS-MEDINA-1-300x169.jpg 300w, https:\/\/anhermed.es\/wp-content\/uploads\/2026\/03\/ANA-HERVAS-MEDINA-1-1024x576.jpg 1024w, https:\/\/anhermed.es\/wp-content\/uploads\/2026\/03\/ANA-HERVAS-MEDINA-1-768x432.jpg 768w, https:\/\/anhermed.es\/wp-content\/uploads\/2026\/03\/ANA-HERVAS-MEDINA-1-1536x864.jpg 1536w, https:\/\/anhermed.es\/wp-content\/uploads\/2026\/03\/ANA-HERVAS-MEDINA-1-2048x1152.jpg 2048w, https:\/\/anhermed.es\/wp-content\/uploads\/2026\/03\/ANA-HERVAS-MEDINA-1-18x10.jpg 18w\" sizes=\"(max-width: 783px) 100vw, 783px\" \/><\/p>\n<h2 data-section-id=\"1tfzg4d\" data-start=\"613\" data-end=\"679\">\u00bfCu\u00e1ntas sesiones de depilaci\u00f3n l\u00e1ser se necesitan en promedio?<\/h2>\n<p data-start=\"681\" data-end=\"843\">De forma general, la mayor\u00eda de tratamientos requieren entre <strong data-start=\"742\" data-end=\"781\">6 y 10 sesiones de depilaci\u00f3n l\u00e1ser<\/strong> para lograr una reducci\u00f3n significativa y duradera del vello.<\/p>\n<p data-start=\"845\" data-end=\"1029\">Esto ocurre porque el l\u00e1ser solo act\u00faa sobre los <strong data-start=\"894\" data-end=\"963\">fol\u00edculos pilosos que est\u00e1n en fase de crecimiento (fase an\u00e1gena)<\/strong>, y no todos los pelos se encuentran en esta fase al mismo tiempo.<\/p>\n<p data-start=\"1031\" data-end=\"1145\">Por este motivo, las sesiones se realizan <strong data-start=\"1073\" data-end=\"1111\">cada 4 a 8 semanas aproximadamente<\/strong>, dependiendo de la zona a tratar.<\/p>\n<p data-start=\"1147\" data-end=\"1169\">En t\u00e9rminos generales:<\/p>\n<ul data-start=\"1171\" data-end=\"1345\">\n<li data-section-id=\"1qu8o1m\" data-start=\"1171\" data-end=\"1222\">\n<p data-start=\"1173\" data-end=\"1222\"><strong data-start=\"1173\" data-end=\"1191\">6 a 8 sesiones<\/strong>: reducci\u00f3n notable del vello<\/p>\n<\/li>\n<li data-section-id=\"1hb0zir\" data-start=\"1223\" data-end=\"1272\">\n<p data-start=\"1225\" data-end=\"1272\"><strong data-start=\"1225\" data-end=\"1244\">8 a 10 sesiones<\/strong>: resultados m\u00e1s duraderos<\/p>\n<\/li>\n<li data-section-id=\"rj6m1g\" data-start=\"1273\" data-end=\"1345\">\n<p data-start=\"1275\" data-end=\"1345\"><strong data-start=\"1275\" data-end=\"1304\">Sesiones de mantenimiento<\/strong>: 1 o 2 al a\u00f1o para mantener el resultado.<\/p>\n<\/li>\n<\/ul>\n<p data-start=\"1347\" data-end=\"1422\">Sin embargo, estos n\u00fameros pueden variar seg\u00fan <strong data-start=\"1394\" data-end=\"1421\">tu tipo de piel y vello<\/strong>.<\/p>\n<h2 data-section-id=\"sb2ygk\" data-start=\"1429\" data-end=\"1490\">\u00bfCu\u00e1ntas sesiones de depilaci\u00f3n l\u00e1ser seg\u00fan el tipo de piel?<\/h2>\n<p data-start=\"1492\" data-end=\"1650\">El <strong data-start=\"1495\" data-end=\"1515\">fototipo de piel<\/strong> influye en c\u00f3mo responde el vello al tratamiento. Cuanto mayor sea el contraste entre piel y vello, <strong data-start=\"1616\" data-end=\"1649\">m\u00e1s eficaz suele ser el l\u00e1ser<\/strong>.<\/p>\n<h3 data-section-id=\"pjyy8q\" data-start=\"1652\" data-end=\"1686\">Piel (fototipos I \u2013 III)<\/h3>\n<p data-start=\"1688\" data-end=\"1754\">Las personas con piel clara suelen obtener resultados m\u00e1s r\u00e1pidos.<\/p>\n<p data-start=\"1756\" data-end=\"1772\">Caracter\u00edsticas:<\/p>\n<ul data-start=\"1774\" data-end=\"1905\">\n<li data-section-id=\"7fpfe\" data-start=\"1774\" data-end=\"1810\">\n<p data-start=\"1776\" data-end=\"1810\">Mayor contraste entre piel y vello<\/p>\n<\/li>\n<li data-section-id=\"10433t9\" data-start=\"1811\" data-end=\"1867\">\n<p data-start=\"1813\" data-end=\"1867\">Mejor absorci\u00f3n de la energ\u00eda del l\u00e1ser en el fol\u00edculo.<\/p>\n<\/li>\n<li data-section-id=\"1izkj0e\" data-start=\"1868\" data-end=\"1905\">\n<p data-start=\"1870\" data-end=\"1905\">Menor n\u00famero de sesiones necesarias<\/p>\n<\/li>\n<\/ul>\n<p data-start=\"1907\" data-end=\"1948\">En estos casos, normalmente se requieren:<\/p>\n<p data-start=\"1950\" data-end=\"1988\"><strong data-start=\"1950\" data-end=\"1988\">6 a 8 sesiones de depilaci\u00f3n l\u00e1ser<\/strong><\/p>\n<h3 data-section-id=\"x3q53o\" data-start=\"1995\" data-end=\"2031\">Piel (fototipo IV)<\/h3>\n<p data-start=\"2033\" data-end=\"2143\">Las pieles medias tambi\u00e9n responden bien al tratamiento, aunque pueden necesitar algunas sesiones adicionales.<\/p>\n<p data-start=\"2145\" data-end=\"2161\">Caracter\u00edsticas:<\/p>\n<ul data-start=\"2163\" data-end=\"2232\">\n<li data-section-id=\"1ruooet\" data-start=\"2163\" data-end=\"2194\">\n<p data-start=\"2165\" data-end=\"2194\">Contraste moderado piel-vello<\/p>\n<\/li>\n<li data-section-id=\"1g4m70x\" data-start=\"2195\" data-end=\"2232\">\n<p data-start=\"2197\" data-end=\"2232\">Respuesta progresiva al tratamiento<\/p>\n<\/li>\n<\/ul>\n<p data-start=\"2234\" data-end=\"2252\">N\u00famero aproximado:<\/p>\n<p data-start=\"2254\" data-end=\"2273\"><strong data-start=\"2254\" data-end=\"2273\">8 a 10 sesiones<\/strong><\/p>\n<h3 data-section-id=\"1h21g9j\" data-start=\"2280\" data-end=\"2314\">Piel (fototipos V \u2013 VI)<\/h3>\n<p data-start=\"2316\" data-end=\"2443\">Las pieles m\u00e1s oscuras necesitan equipos l\u00e1ser espec\u00edficos y profesionales especializados para garantizar seguridad y eficacia.<\/p>\n<p data-start=\"2445\" data-end=\"2461\">Caracter\u00edsticas:<\/p>\n<ul data-start=\"2463\" data-end=\"2528\">\n<li data-section-id=\"4p5w5l\" data-start=\"2463\" data-end=\"2499\">\n<p data-start=\"2465\" data-end=\"2499\">Menor contraste entre piel y vello<\/p>\n<\/li>\n<li data-section-id=\"1xw5wwf\" data-start=\"2500\" data-end=\"2528\">\n<p data-start=\"2502\" data-end=\"2528\">Tratamiento m\u00e1s progresivo<\/p>\n<\/li>\n<\/ul>\n<p data-start=\"2530\" data-end=\"2567\">En estos casos pueden ser necesarias:<\/p>\n<p data-start=\"2569\" data-end=\"2608\"><strong data-start=\"2569\" data-end=\"2608\">8 a 12 sesiones de depilaci\u00f3n l\u00e1ser<\/strong><\/p>\n<h2 data-section-id=\"an0fq0\" data-start=\"2615\" data-end=\"2677\">\u00bfCu\u00e1ntas sesiones de depilaci\u00f3n l\u00e1ser seg\u00fan el tipo de vello?<\/h2>\n<p data-start=\"2679\" data-end=\"2791\">El <strong data-start=\"2682\" data-end=\"2699\">tipo de vello<\/strong> es otro factor clave para determinar <strong data-start=\"2737\" data-end=\"2790\">cu\u00e1ntas sesiones de depilaci\u00f3n l\u00e1ser se necesitan<\/strong>.<\/p>\n<h3 data-section-id=\"j4kw99\" data-start=\"2793\" data-end=\"2818\">Vello oscuro y grueso<\/h3>\n<p data-start=\"2820\" data-end=\"2884\">Es el tipo de vello que <strong data-start=\"2844\" data-end=\"2883\">mejor responde al tratamiento l\u00e1ser<\/strong>.<\/p>\n<p data-start=\"2886\" data-end=\"2894\">Motivos:<\/p>\n<ul data-start=\"2896\" data-end=\"2970\">\n<li data-section-id=\"1cnkvh\" data-start=\"2896\" data-end=\"2933\">\n<p data-start=\"2898\" data-end=\"2933\">Contiene mayor cantidad de melanina.<\/p>\n<\/li>\n<li data-section-id=\"1g36ber\" data-start=\"2934\" data-end=\"2970\">\n<p data-start=\"2936\" data-end=\"2970\">Absorbe mejor la energ\u00eda del l\u00e1ser.<\/p>\n<\/li>\n<\/ul>\n<p data-start=\"2972\" data-end=\"2991\">Resultado habitual:<\/p>\n<p data-start=\"2993\" data-end=\"3037\"><strong data-start=\"2993\" data-end=\"3037\">Menos sesiones y resultados m\u00e1s r\u00e1pidos.<\/strong><\/p>\n<h3 data-section-id=\"4n6jp\" data-start=\"3044\" data-end=\"3069\">Vello casta\u00f1o o medio<\/h3>\n<p data-start=\"3071\" data-end=\"3160\">Responde correctamente al tratamiento, aunque el proceso puede ser ligeramente m\u00e1s lento.<\/p>\n<p data-start=\"3162\" data-end=\"3188\">Generalmente, se requieren:<\/p>\n<p data-start=\"3190\" data-end=\"3230\"><strong data-start=\"3190\" data-end=\"3230\">7 a 10 sesiones de depilaci\u00f3n l\u00e1ser.<\/strong><\/p>\n<h3 data-section-id=\"133qeq0\" data-start=\"3237\" data-end=\"3259\">Vello claro o fino<\/h3>\n<p data-start=\"3261\" data-end=\"3348\">El vello claro contiene menos melanina, por lo que <strong data-start=\"3312\" data-end=\"3347\">absorbe menos energ\u00eda del l\u00e1ser<\/strong>.<\/p>\n<p data-start=\"3350\" data-end=\"3365\">En estos casos:<\/p>\n<ul data-start=\"3367\" data-end=\"3468\">\n<li data-section-id=\"10bt3sg\" data-start=\"3367\" data-end=\"3415\">\n<p data-start=\"3369\" data-end=\"3415\">Los resultados pueden tardar m\u00e1s en aparecer.<\/p>\n<\/li>\n<li data-section-id=\"1ogrojp\" data-start=\"3416\" data-end=\"3468\">\n<p data-start=\"3418\" data-end=\"3468\">Pueden requerirse <strong data-start=\"3436\" data-end=\"3468\">m\u00e1s sesiones o mantenimiento.<\/strong><\/p>\n<\/li>\n<\/ul>\n<h2 data-section-id=\"71jags\" data-start=\"3475\" data-end=\"3521\">Zonas del cuerpo que requieren m\u00e1s sesiones<\/h2>\n<p data-start=\"3523\" data-end=\"3585\">No todas las zonas del cuerpo reaccionan igual al tratamiento.<\/p>\n<p data-start=\"3587\" data-end=\"3642\">Las \u00e1reas <strong data-start=\"3597\" data-end=\"3611\">hormonales<\/strong> suelen necesitar m\u00e1s sesiones.<\/p>\n<p data-start=\"3644\" data-end=\"3683\">Zonas que suelen requerir m\u00e1s sesiones:<\/p>\n<ul data-start=\"3685\" data-end=\"3741\">\n<li data-section-id=\"6seyy7\" data-start=\"3685\" data-end=\"3693\">\n<p data-start=\"3687\" data-end=\"3693\">Rostro<\/p>\n<\/li>\n<li data-section-id=\"1ti19zb\" data-start=\"3694\" data-end=\"3702\">\n<p data-start=\"3696\" data-end=\"3702\">Ment\u00f3n<\/p>\n<\/li>\n<li data-section-id=\"87rgs4\" data-start=\"3703\" data-end=\"3719\">\n<p data-start=\"3705\" data-end=\"3719\">Labio superior<\/p>\n<\/li>\n<li data-section-id=\"1vm11e5\" data-start=\"3720\" data-end=\"3732\">\n<p data-start=\"3722\" data-end=\"3732\">L\u00ednea alba<\/p>\n<\/li>\n<li data-section-id=\"1rb77aq\" data-start=\"3733\" data-end=\"3741\">\n<p data-start=\"3735\" data-end=\"3741\">Ingl\u00e9s<\/p>\n<\/li>\n<\/ul>\n<p data-start=\"3743\" data-end=\"3791\">Zonas donde el tratamiento suele ser m\u00e1s r\u00e1pido:<\/p>\n<ul data-start=\"3793\" data-end=\"3830\">\n<li data-section-id=\"t0b9tm\" data-start=\"3793\" data-end=\"3802\">\n<p data-start=\"3795\" data-end=\"3802\">Piernas<\/p>\n<\/li>\n<li data-section-id=\"1wgbmue\" data-start=\"3803\" data-end=\"3811\">\n<p data-start=\"3805\" data-end=\"3811\">Axilas<\/p>\n<\/li>\n<li data-section-id=\"1vvu1b3\" data-start=\"3812\" data-end=\"3820\">\n<p data-start=\"3814\" data-end=\"3820\">Brazos<\/p>\n<\/li>\n<li data-section-id=\"4lz0o6\" data-start=\"3821\" data-end=\"3830\">\n<p data-start=\"3823\" data-end=\"3830\">Espalda<\/p>\n<\/li>\n<\/ul>\n<h2 data-section-id=\"7uidmr\" data-start=\"3837\" data-end=\"3885\">Expectativas realistas de la depilaci\u00f3n l\u00e1ser<\/h2>\n<p data-start=\"3887\" data-end=\"4035\">Es importante entender que la depilaci\u00f3n l\u00e1ser <strong data-start=\"3934\" data-end=\"3986\">no elimina el 100 % del vello de forma inmediata<\/strong>, sino que reduce progresivamente su crecimiento.<\/p>\n<p data-start=\"4037\" data-end=\"4080\">Con el tratamiento adecuado puedes esperar:<\/p>\n<p data-start=\"4082\" data-end=\"4248\">\u2714 Reducci\u00f3n del <strong data-start=\"4098\" data-end=\"4124\">80 % al 90 % del vello.<\/strong><br data-start=\"4124\" data-end=\"4127\" \/>\u2714 Vello m\u00e1s <strong data-start=\"4139\" data-end=\"4155\">fino y d\u00e9bil<\/strong><br data-start=\"4155\" data-end=\"4158\" \/>\u2714 Crecimiento <strong data-start=\"4172\" data-end=\"4191\">mucho m\u00e1s lento<\/strong><br data-start=\"4191\" data-end=\"4194\" \/>\u2714 Menos irritaci\u00f3n que con otros m\u00e9todos de depilaci\u00f3n.<\/p>\n<p data-start=\"4250\" data-end=\"4365\">Adem\u00e1s, despu\u00e9s del tratamiento completo, muchas personas solo necesitan <strong data-start=\"4323\" data-end=\"4364\">una sesi\u00f3n de mantenimiento ocasional<\/strong>.<\/p>\n<h2 data-section-id=\"1k3sbtu\" data-start=\"4372\" data-end=\"4419\">La importancia de una valoraci\u00f3n profesional<\/h2>\n<p data-start=\"4421\" data-end=\"4566\">Aunque existen estimaciones generales sobre <strong data-start=\"4465\" data-end=\"4520\">cu\u00e1ntas sesiones de depilaci\u00f3n l\u00e1ser son necesarias<\/strong>, cada piel y cada tipo de vello es diferente.<\/p>\n<p data-start=\"4568\" data-end=\"4673\">Por eso, lo m\u00e1s recomendable es realizar <strong data-start=\"4609\" data-end=\"4641\">una valoraci\u00f3n personalizada<\/strong>, donde un especialista analice:<\/p>\n<ul data-start=\"4675\" data-end=\"4770\">\n<li data-section-id=\"1h4c0my\" data-start=\"4675\" data-end=\"4694\">\n<p data-start=\"4677\" data-end=\"4694\">Tu tipo de piel<\/p>\n<\/li>\n<li data-section-id=\"rdka3o\" data-start=\"4695\" data-end=\"4718\">\n<p data-start=\"4697\" data-end=\"4718\">El grosor del vello<\/p>\n<\/li>\n<li data-section-id=\"tuiau6\" data-start=\"4719\" data-end=\"4739\">\n<p data-start=\"4721\" data-end=\"4739\">La zona a tratar<\/p>\n<\/li>\n<li data-section-id=\"j2gm1h\" data-start=\"4740\" data-end=\"4770\">\n<p data-start=\"4742\" data-end=\"4770\">Tu historial de depilaci\u00f3n<\/p>\n<\/li>\n<\/ul>\n<p data-start=\"4772\" data-end=\"4865\">Con esta informaci\u00f3n se puede dise\u00f1ar <strong data-start=\"4810\" data-end=\"4864\">un tratamiento eficaz y adaptado a tus necesidades<\/strong>.<\/p>\n<h2 data-section-id=\"1h3ypbl\" data-start=\"4872\" data-end=\"4937\">\u00bfQuieres saber cu\u00e1ntas sesiones de depilaci\u00f3n l\u00e1ser necesitas?<\/h2>\n<p data-start=\"4939\" data-end=\"5138\">Si est\u00e1s pensando en empezar un tratamiento, lo ideal es realizar <strong data-start=\"5005\" data-end=\"5037\">un diagn\u00f3stico personalizado<\/strong> para determinar el n\u00famero de <strong data-start=\"5067\" data-end=\"5099\">sesiones de depilaci\u00f3n l\u00e1ser<\/strong> que mejor se adapta a tu piel y vello.<\/p>\n<p style=\"text-align: center;\" data-start=\"5140\" data-end=\"5240\">A <strong data-start=\"5143\" data-end=\"5155\">AnherMed<\/strong> te asesoramos para que obtengas <strong data-start=\"5188\" data-end=\"5239\">los mejores resultados de forma segura y eficaz<\/strong>.<\/p>\n<p style=\"text-align: center;\" data-start=\"5242\" data-end=\"5355\"><a href=\"https:\/\/anhermed.es\/cat\/contacto\/\" target=\"_blank\" rel=\"noopener\">\ud83d\udc49 <strong data-start=\"5245\" data-end=\"5355\">Solicita tu valoraci\u00f3n y descubre cu\u00e1ntas sesiones de depilaci\u00f3n l\u00e1ser necesitas para olvidarte del vello.<\/strong><\/a><\/p>","protected":false},"excerpt":{"rendered":"<p>Una de las preguntas m\u00e1s frecuentes antes de empezar un tratamiento es cu\u00e1ntas sesiones de depilaci\u00f3n l\u00e1ser necesito para eliminar el vello definitivamente. La respuesta no es exactamente igual para todas las personas, ya que depende principalmente del tipo de piel, el tipo de vello y la zona del cuerpo. En este art\u00edculo te explicamos [&hellip;]<\/p>","protected":false},"author":7,"featured_media":1918,"comment_status":"open","ping_status":"open","sticky":false,"template":"","format":"standard","meta":{"footnotes":""},"categories":[1],"tags":[],"class_list":["post-1917","post","type-post","status-publish","format-standard","has-post-thumbnail","hentry","category-blog"],"yoast_head":"<!-- This site is optimized with the Yoast SEO plugin v26.8 - https:\/\/yoast.com\/product\/yoast-seo-wordpress\/ -->\n<title>Cu\u00e1ntas sesiones de depilaci\u00f3n l\u00e1ser se necesitan seg\u00fan tu piel.<\/title>\n<meta name=\"description\" content=\"Descubre cu\u00e1ntas sesiones de depilaci\u00f3n l\u00e1ser necesitas seg\u00fan tu tipo de piel y vello. Gu\u00eda completa con expectativas reales.\" \/>\n<meta name=\"robots\" content=\"index, follow, max-snippet:-1, max-image-preview:large, max-video-preview:-1\" \/>\n<link rel=\"canonical\" href=\"https:\/\/anhermed.es\/cat\/cuantas-sesiones-depilacion-laser-necesito\/\" \/>\n<meta property=\"og:locale\" content=\"ca_ES\" \/>\n<meta property=\"og:type\" content=\"article\" \/>\n<meta property=\"og:title\" content=\"Cu\u00e1ntas sesiones de depilaci\u00f3n l\u00e1ser se necesitan seg\u00fan tu piel.\" \/>\n<meta property=\"og:description\" content=\"Descubre cu\u00e1ntas sesiones de depilaci\u00f3n l\u00e1ser necesitas seg\u00fan tu tipo de piel y vello. Gu\u00eda completa con expectativas reales.\" \/>\n<meta property=\"og:url\" content=\"https:\/\/anhermed.es\/cat\/cuantas-sesiones-depilacion-laser-necesito\/\" \/>\n<meta property=\"og:site_name\" content=\"Anhermed\" \/>\n<meta property=\"article:published_time\" content=\"2026-03-16T20:26:03+00:00\" \/>\n<meta property=\"og:image\" content=\"https:\/\/anhermed.es\/wp-content\/uploads\/2026\/03\/ANA-HERVAS-MEDINA-1.jpg\" \/>\n\t<meta property=\"og:image:width\" content=\"2240\" \/>\n\t<meta property=\"og:image:height\" content=\"1260\" \/>\n\t<meta property=\"og:image:type\" content=\"image\/jpeg\" \/>\n<meta name=\"author\" content=\"Externos\" \/>\n<meta name=\"twitter:card\" content=\"summary_large_image\" \/>\n<meta name=\"twitter:label1\" content=\"Escrit per\" \/>\n\t<meta name=\"twitter:data1\" content=\"Externos\" \/>\n\t<meta name=\"twitter:label2\" content=\"Temps estimat de lectura\" \/>\n\t<meta name=\"twitter:data2\" content=\"4 minuts\" \/>\n<script type=\"application\/ld+json\" class=\"yoast-schema-graph\">{\"@context\":\"https:\/\/schema.org\",\"@graph\":[{\"@type\":\"Article\",\"@id\":\"https:\/\/anhermed.es\/cuantas-sesiones-depilacion-laser-necesito\/#article\",\"isPartOf\":{\"@id\":\"https:\/\/anhermed.es\/cuantas-sesiones-depilacion-laser-necesito\/\"},\"author\":{\"name\":\"Externos\",\"@id\":\"https:\/\/anhermed.es\/#\/schema\/person\/609d7bac6ccdca8dd80fda8d7f2ab138\"},\"headline\":\"\u00bfCu\u00e1ntas sesiones de depilaci\u00f3n l\u00e1ser necesito seg\u00fan mi tipo de piel y vello?\",\"datePublished\":\"2026-03-16T20:26:03+00:00\",\"mainEntityOfPage\":{\"@id\":\"https:\/\/anhermed.es\/cuantas-sesiones-depilacion-laser-necesito\/\"},\"wordCount\":864,\"commentCount\":0,\"publisher\":{\"@id\":\"https:\/\/anhermed.es\/#organization\"},\"image\":{\"@id\":\"https:\/\/anhermed.es\/cuantas-sesiones-depilacion-laser-necesito\/#primaryimage\"},\"thumbnailUrl\":\"https:\/\/anhermed.es\/wp-content\/uploads\/2026\/03\/ANA-HERVAS-MEDINA-1.jpg\",\"articleSection\":[\"Blog\"],\"inLanguage\":\"ca\",\"potentialAction\":[{\"@type\":\"CommentAction\",\"name\":\"Comment\",\"target\":[\"https:\/\/anhermed.es\/cuantas-sesiones-depilacion-laser-necesito\/#respond\"]}]},{\"@type\":\"WebPage\",\"@id\":\"https:\/\/anhermed.es\/cuantas-sesiones-depilacion-laser-necesito\/\",\"url\":\"https:\/\/anhermed.es\/cuantas-sesiones-depilacion-laser-necesito\/\",\"name\":\"Cu\u00e1ntas sesiones de depilaci\u00f3n l\u00e1ser se necesitan seg\u00fan tu piel.\",\"isPartOf\":{\"@id\":\"https:\/\/anhermed.es\/#website\"},\"primaryImageOfPage\":{\"@id\":\"https:\/\/anhermed.es\/cuantas-sesiones-depilacion-laser-necesito\/#primaryimage\"},\"image\":{\"@id\":\"https:\/\/anhermed.es\/cuantas-sesiones-depilacion-laser-necesito\/#primaryimage\"},\"thumbnailUrl\":\"https:\/\/anhermed.es\/wp-content\/uploads\/2026\/03\/ANA-HERVAS-MEDINA-1.jpg\",\"datePublished\":\"2026-03-16T20:26:03+00:00\",\"description\":\"Descubre cu\u00e1ntas sesiones de depilaci\u00f3n l\u00e1ser necesitas seg\u00fan tu tipo de piel y vello. Gu\u00eda completa con expectativas reales.\",\"breadcrumb\":{\"@id\":\"https:\/\/anhermed.es\/cuantas-sesiones-depilacion-laser-necesito\/#breadcrumb\"},\"inLanguage\":\"ca\",\"potentialAction\":[{\"@type\":\"ReadAction\",\"target\":[\"https:\/\/anhermed.es\/cuantas-sesiones-depilacion-laser-necesito\/\"]}]},{\"@type\":\"ImageObject\",\"inLanguage\":\"ca\",\"@id\":\"https:\/\/anhermed.es\/cuantas-sesiones-depilacion-laser-necesito\/#primaryimage\",\"url\":\"https:\/\/anhermed.es\/wp-content\/uploads\/2026\/03\/ANA-HERVAS-MEDINA-1.jpg\",\"contentUrl\":\"https:\/\/anhermed.es\/wp-content\/uploads\/2026\/03\/ANA-HERVAS-MEDINA-1.jpg\",\"width\":2240,\"height\":1260,\"caption\":\"depilaci\u00f3n l\u00e1ser en cl\u00ednica est\u00e9tica tratamiento profesional\"},{\"@type\":\"BreadcrumbList\",\"@id\":\"https:\/\/anhermed.es\/cuantas-sesiones-depilacion-laser-necesito\/#breadcrumb\",\"itemListElement\":[{\"@type\":\"ListItem\",\"position\":1,\"name\":\"Portada\",\"item\":\"https:\/\/anhermed.es\/\"},{\"@type\":\"ListItem\",\"position\":2,\"name\":\"\u00bfCu\u00e1ntas sesiones de depilaci\u00f3n l\u00e1ser necesito seg\u00fan mi tipo de piel y vello?\"}]},{\"@type\":\"WebSite\",\"@id\":\"https:\/\/anhermed.es\/#website\",\"url\":\"https:\/\/anhermed.es\/\",\"name\":\"Anhermed\",\"description\":\"\",\"publisher\":{\"@id\":\"https:\/\/anhermed.es\/#organization\"},\"potentialAction\":[{\"@type\":\"SearchAction\",\"target\":{\"@type\":\"EntryPoint\",\"urlTemplate\":\"https:\/\/anhermed.es\/?s={search_term_string}\"},\"query-input\":{\"@type\":\"PropertyValueSpecification\",\"valueRequired\":true,\"valueName\":\"search_term_string\"}}],\"inLanguage\":\"ca\"},{\"@type\":\"Organization\",\"@id\":\"https:\/\/anhermed.es\/#organization\",\"name\":\"Anhermed\",\"url\":\"https:\/\/anhermed.es\/\",\"logo\":{\"@type\":\"ImageObject\",\"inLanguage\":\"ca\",\"@id\":\"https:\/\/anhermed.es\/#\/schema\/logo\/image\/\",\"url\":\"https:\/\/anhermed.es\/wp-content\/uploads\/2024\/07\/ANHERMED-1.svg\",\"contentUrl\":\"https:\/\/anhermed.es\/wp-content\/uploads\/2024\/07\/ANHERMED-1.svg\",\"width\":209,\"height\":215,\"caption\":\"Anhermed\"},\"image\":{\"@id\":\"https:\/\/anhermed.es\/#\/schema\/logo\/image\/\"}},{\"@type\":\"Person\",\"@id\":\"https:\/\/anhermed.es\/#\/schema\/person\/609d7bac6ccdca8dd80fda8d7f2ab138\",\"name\":\"Externos\",\"image\":{\"@type\":\"ImageObject\",\"inLanguage\":\"ca\",\"@id\":\"https:\/\/anhermed.es\/#\/schema\/person\/image\/\",\"url\":\"https:\/\/secure.gravatar.com\/avatar\/8a434a38de8f3fcc611d82a813f3d565b13d68d52d43b774efc1433601106507?s=96&d=mm&r=g\",\"contentUrl\":\"https:\/\/secure.gravatar.com\/avatar\/8a434a38de8f3fcc611d82a813f3d565b13d68d52d43b774efc1433601106507?s=96&d=mm&r=g\",\"caption\":\"Externos\"},\"url\":\"https:\/\/anhermed.es\/cat\/author\/externos\/\"}]}<\/script>\n<!-- \/ Yoast SEO plugin. -->","yoast_head_json":{"title":"Cu\u00e1ntas sesiones de depilaci\u00f3n l\u00e1ser se necesitan seg\u00fan tu piel.","description":"Descubre cu\u00e1ntas sesiones de depilaci\u00f3n l\u00e1ser necesitas seg\u00fan tu tipo de piel y vello. Gu\u00eda completa con expectativas reales.","robots":{"index":"index","follow":"follow","max-snippet":"max-snippet:-1","max-image-preview":"max-image-preview:large","max-video-preview":"max-video-preview:-1"},"canonical":"https:\/\/anhermed.es\/cat\/cuantas-sesiones-depilacion-laser-necesito\/","og_locale":"ca_ES","og_type":"article","og_title":"Cu\u00e1ntas sesiones de depilaci\u00f3n l\u00e1ser se necesitan seg\u00fan tu piel.","og_description":"Descubre cu\u00e1ntas sesiones de depilaci\u00f3n l\u00e1ser necesitas seg\u00fan tu tipo de piel y vello. Gu\u00eda completa con expectativas reales.","og_url":"https:\/\/anhermed.es\/cat\/cuantas-sesiones-depilacion-laser-necesito\/","og_site_name":"Anhermed","article_published_time":"2026-03-16T20:26:03+00:00","og_image":[{"width":2240,"height":1260,"url":"https:\/\/anhermed.es\/wp-content\/uploads\/2026\/03\/ANA-HERVAS-MEDINA-1.jpg","type":"image\/jpeg"}],"author":"Externos","twitter_card":"summary_large_image","twitter_misc":{"Escrit per":"Externos","Temps estimat de lectura":"4 minuts"},"schema":{"@context":"https:\/\/schema.org","@graph":[{"@type":"Article","@id":"https:\/\/anhermed.es\/cuantas-sesiones-depilacion-laser-necesito\/#article","isPartOf":{"@id":"https:\/\/anhermed.es\/cuantas-sesiones-depilacion-laser-necesito\/"},"author":{"name":"Externos","@id":"https:\/\/anhermed.es\/#\/schema\/person\/609d7bac6ccdca8dd80fda8d7f2ab138"},"headline":"\u00bfCu\u00e1ntas sesiones de depilaci\u00f3n l\u00e1ser necesito seg\u00fan mi tipo de piel y vello?","datePublished":"2026-03-16T20:26:03+00:00","mainEntityOfPage":{"@id":"https:\/\/anhermed.es\/cuantas-sesiones-depilacion-laser-necesito\/"},"wordCount":864,"commentCount":0,"publisher":{"@id":"https:\/\/anhermed.es\/#organization"},"image":{"@id":"https:\/\/anhermed.es\/cuantas-sesiones-depilacion-laser-necesito\/#primaryimage"},"thumbnailUrl":"https:\/\/anhermed.es\/wp-content\/uploads\/2026\/03\/ANA-HERVAS-MEDINA-1.jpg","articleSection":["Blog"],"inLanguage":"ca","potentialAction":[{"@type":"CommentAction","name":"Comment","target":["https:\/\/anhermed.es\/cuantas-sesiones-depilacion-laser-necesito\/#respond"]}]},{"@type":"WebPage","@id":"https:\/\/anhermed.es\/cuantas-sesiones-depilacion-laser-necesito\/","url":"https:\/\/anhermed.es\/cuantas-sesiones-depilacion-laser-necesito\/","name":"Cu\u00e1ntas sesiones de depilaci\u00f3n l\u00e1ser se necesitan seg\u00fan tu piel.","isPartOf":{"@id":"https:\/\/anhermed.es\/#website"},"primaryImageOfPage":{"@id":"https:\/\/anhermed.es\/cuantas-sesiones-depilacion-laser-necesito\/#primaryimage"},"image":{"@id":"https:\/\/anhermed.es\/cuantas-sesiones-depilacion-laser-necesito\/#primaryimage"},"thumbnailUrl":"https:\/\/anhermed.es\/wp-content\/uploads\/2026\/03\/ANA-HERVAS-MEDINA-1.jpg","datePublished":"2026-03-16T20:26:03+00:00","description":"Descubre cu\u00e1ntas sesiones de depilaci\u00f3n l\u00e1ser necesitas seg\u00fan tu tipo de piel y vello. Gu\u00eda completa con expectativas reales.","breadcrumb":{"@id":"https:\/\/anhermed.es\/cuantas-sesiones-depilacion-laser-necesito\/#breadcrumb"},"inLanguage":"ca","potentialAction":[{"@type":"ReadAction","target":["https:\/\/anhermed.es\/cuantas-sesiones-depilacion-laser-necesito\/"]}]},{"@type":"ImageObject","inLanguage":"ca","@id":"https:\/\/anhermed.es\/cuantas-sesiones-depilacion-laser-necesito\/#primaryimage","url":"https:\/\/anhermed.es\/wp-content\/uploads\/2026\/03\/ANA-HERVAS-MEDINA-1.jpg","contentUrl":"https:\/\/anhermed.es\/wp-content\/uploads\/2026\/03\/ANA-HERVAS-MEDINA-1.jpg","width":2240,"height":1260,"caption":"depilaci\u00f3n l\u00e1ser en cl\u00ednica est\u00e9tica tratamiento profesional"},{"@type":"BreadcrumbList","@id":"https:\/\/anhermed.es\/cuantas-sesiones-depilacion-laser-necesito\/#breadcrumb","itemListElement":[{"@type":"ListItem","position":1,"name":"Portada","item":"https:\/\/anhermed.es\/"},{"@type":"ListItem","position":2,"name":"\u00bfCu\u00e1ntas sesiones de depilaci\u00f3n l\u00e1ser necesito seg\u00fan mi tipo de piel y vello?"}]},{"@type":"WebSite","@id":"https:\/\/anhermed.es\/#website","url":"https:\/\/anhermed.es\/","name":"Anhermed","description":"","publisher":{"@id":"https:\/\/anhermed.es\/#organization"},"potentialAction":[{"@type":"SearchAction","target":{"@type":"EntryPoint","urlTemplate":"https:\/\/anhermed.es\/?s={search_term_string}"},"query-input":{"@type":"PropertyValueSpecification","valueRequired":true,"valueName":"search_term_string"}}],"inLanguage":"ca"},{"@type":"Organization","@id":"https:\/\/anhermed.es\/#organization","name":"Anhermed","url":"https:\/\/anhermed.es\/","logo":{"@type":"ImageObject","inLanguage":"ca","@id":"https:\/\/anhermed.es\/#\/schema\/logo\/image\/","url":"https:\/\/anhermed.es\/wp-content\/uploads\/2024\/07\/ANHERMED-1.svg","contentUrl":"https:\/\/anhermed.es\/wp-content\/uploads\/2024\/07\/ANHERMED-1.svg","width":209,"height":215,"caption":"Anhermed"},"image":{"@id":"https:\/\/anhermed.es\/#\/schema\/logo\/image\/"}},{"@type":"Person","@id":"https:\/\/anhermed.es\/#\/schema\/person\/609d7bac6ccdca8dd80fda8d7f2ab138","name":"Externos","image":{"@type":"ImageObject","inLanguage":"ca","@id":"https:\/\/anhermed.es\/#\/schema\/person\/image\/","url":"https:\/\/secure.gravatar.com\/avatar\/8a434a38de8f3fcc611d82a813f3d565b13d68d52d43b774efc1433601106507?s=96&d=mm&r=g","contentUrl":"https:\/\/secure.gravatar.com\/avatar\/8a434a38de8f3fcc611d82a813f3d565b13d68d52d43b774efc1433601106507?s=96&d=mm&r=g","caption":"Externos"},"url":"https:\/\/anhermed.es\/cat\/author\/externos\/"}]}},"_links":{"self":[{"href":"https:\/\/anhermed.es\/cat\/wp-json\/wp\/v2\/posts\/1917","targetHints":{"allow":["GET"]}}],"collection":[{"href":"https:\/\/anhermed.es\/cat\/wp-json\/wp\/v2\/posts"}],"about":[{"href":"https:\/\/anhermed.es\/cat\/wp-json\/wp\/v2\/types\/post"}],"author":[{"embeddable":true,"href":"https:\/\/anhermed.es\/cat\/wp-json\/wp\/v2\/users\/7"}],"replies":[{"embeddable":true,"href":"https:\/\/anhermed.es\/cat\/wp-json\/wp\/v2\/comments?post=1917"}],"version-history":[{"count":2,"href":"https:\/\/anhermed.es\/cat\/wp-json\/wp\/v2\/posts\/1917\/revisions"}],"predecessor-version":[{"id":1920,"href":"https:\/\/anhermed.es\/cat\/wp-json\/wp\/v2\/posts\/1917\/revisions\/1920"}],"wp:featuredmedia":[{"embeddable":true,"href":"https:\/\/anhermed.es\/cat\/wp-json\/wp\/v2\/media\/1918"}],"wp:attachment":[{"href":"https:\/\/anhermed.es\/cat\/wp-json\/wp\/v2\/media?parent=1917"}],"wp:term":[{"taxonomy":"category","embeddable":true,"href":"https:\/\/anhermed.es\/cat\/wp-json\/wp\/v2\/categories?post=1917"},{"taxonomy":"post_tag","embeddable":true,"href":"https:\/\/anhermed.es\/cat\/wp-json\/wp\/v2\/tags?post=1917"}],"curies":[{"name":"wp","href":"https:\/\/api.w.org\/{rel}","templated":true}]}}