{"id":1899,"date":"2026-02-17T14:53:35","date_gmt":"2026-02-17T13:53:35","guid":{"rendered":"https:\/\/anhermed.es\/?p=1899"},"modified":"2026-02-17T14:56:13","modified_gmt":"2026-02-17T13:56:13","slug":"depilacion-laser-facial-zonas-cuidados-y-resultados-esperados","status":"publish","type":"post","link":"https:\/\/anhermed.es\/cat\/depilacion-laser-facial-zonas-cuidados-y-resultados-esperados\/","title":{"rendered":"Depilaci\u00f3n l\u00e1ser facial: zonas, cuidados y resultados esperados"},"content":{"rendered":"<p data-start=\"253\" data-end=\"592\">La <strong data-start=\"256\" data-end=\"283\">depilaci\u00f3n l\u00e1ser facial<\/strong> se ha convertido en uno de los tratamientos m\u00e1s demandados tanto por mujeres como por hombres que desean eliminar el vello no deseado de forma duradera, segura y eficaz. El rostro es una zona especialmente delicada, por lo que elegir un centro profesional es clave para obtener buenos resultados sin riesgos.<\/p>\n<p data-start=\"594\" data-end=\"761\">En este art\u00edculo te explicamos qu\u00e9 zonas del rostro pueden tratarse, qu\u00e9 cuidados debes seguir y cu\u00e1les son los resultados esperados de la <strong data-start=\"733\" data-end=\"760\">depilaci\u00f3n l\u00e1ser en el rostro<\/strong>.<\/p>\n<p data-start=\"594\" data-end=\"761\"><img fetchpriority=\"high\" decoding=\"async\" class=\"alignnone wp-image-1900 aligncenter\" src=\"https:\/\/anhermed.es\/wp-content\/uploads\/2026\/02\/ANA-HERVAS-MEDINA-1-300x169.jpg\" alt=\"Depilaci\u00f3n l\u00e1ser facial\" width=\"710\" height=\"400\" srcset=\"https:\/\/anhermed.es\/wp-content\/uploads\/2026\/02\/ANA-HERVAS-MEDINA-1-300x169.jpg 300w, https:\/\/anhermed.es\/wp-content\/uploads\/2026\/02\/ANA-HERVAS-MEDINA-1-1024x576.jpg 1024w, https:\/\/anhermed.es\/wp-content\/uploads\/2026\/02\/ANA-HERVAS-MEDINA-1-768x432.jpg 768w, https:\/\/anhermed.es\/wp-content\/uploads\/2026\/02\/ANA-HERVAS-MEDINA-1-1536x864.jpg 1536w, https:\/\/anhermed.es\/wp-content\/uploads\/2026\/02\/ANA-HERVAS-MEDINA-1-2048x1152.jpg 2048w, https:\/\/anhermed.es\/wp-content\/uploads\/2026\/02\/ANA-HERVAS-MEDINA-1-18x10.jpg 18w\" sizes=\"(max-width: 710px) 100vw, 710px\" \/><\/p>\n<h2 data-start=\"768\" data-end=\"806\">\u00bfQu\u00e9 es la depilaci\u00f3n l\u00e1ser facial?<\/h2>\n<p data-start=\"808\" data-end=\"1030\">La <strong data-start=\"811\" data-end=\"838\">depilaci\u00f3n l\u00e1ser facial<\/strong> es un tratamiento est\u00e9tico que utiliza tecnolog\u00eda l\u00e1ser para eliminar el vello desde la ra\u00edz, debilitando progresivamente el fol\u00edculo piloso hasta reducir su crecimiento de manera permanente.<\/p>\n<p data-start=\"1032\" data-end=\"1106\">A diferencia de m\u00e9todos tradicionales como la cera o las pinzas, el l\u00e1ser:<\/p>\n<ul data-start=\"1108\" data-end=\"1253\">\n<li data-start=\"1108\" data-end=\"1143\">\n<p data-start=\"1110\" data-end=\"1143\">No irrita constantemente la piel.<\/p>\n<\/li>\n<li data-start=\"1144\" data-end=\"1180\">\n<p data-start=\"1146\" data-end=\"1180\">Evita la aparici\u00f3n de foliculitis.<\/p>\n<\/li>\n<li data-start=\"1181\" data-end=\"1221\">\n<p data-start=\"1183\" data-end=\"1221\">Reduce el crecimiento progresivamente.<\/p>\n<\/li>\n<li data-start=\"1222\" data-end=\"1253\">\n<p data-start=\"1224\" data-end=\"1253\">Mejora la textura de la piel.<\/p>\n<\/li>\n<\/ul>\n<p data-start=\"1255\" data-end=\"1382\">Al tratarse de una zona visible y sensible, es fundamental realizar una valoraci\u00f3n personalizada antes de iniciar las sesiones.<\/p>\n<h2 data-start=\"1389\" data-end=\"1442\">Zonas m\u00e1s demandadas en la depilaci\u00f3n l\u00e1ser facial<\/h2>\n<p data-start=\"1444\" data-end=\"1570\">Dentro de la <strong data-start=\"1457\" data-end=\"1484\">depilaci\u00f3n l\u00e1ser facial<\/strong>, existen \u00e1reas espec\u00edficas que concentran la mayor\u00eda de las b\u00fasquedas y tratamientos.<\/p>\n<h3 data-start=\"1572\" data-end=\"1613\">1. Depilaci\u00f3n l\u00e1ser en labio superior<\/h3>\n<p data-start=\"1615\" data-end=\"1755\">El <strong data-start=\"1618\" data-end=\"1636\">labio superior<\/strong> es una de las zonas m\u00e1s solicitadas. El vello en esta \u00e1rea suele ser oscuro y visible, generando incomodidad est\u00e9tica.<\/p>\n<p data-start=\"1757\" data-end=\"1801\"><strong data-start=\"1757\" data-end=\"1801\">Beneficios del tratamiento en esta zona:<\/strong><\/p>\n<ul data-start=\"1803\" data-end=\"2006\">\n<li data-start=\"1803\" data-end=\"1853\">\n<p data-start=\"1805\" data-end=\"1853\">Resultados visibles desde las primeras sesiones.<\/p>\n<\/li>\n<li data-start=\"1854\" data-end=\"1898\">\n<p data-start=\"1856\" data-end=\"1898\">Reducci\u00f3n progresiva del grosor del vello.<\/p>\n<\/li>\n<li data-start=\"1899\" data-end=\"1957\">\n<p data-start=\"1901\" data-end=\"1957\">Evita irritaci\u00f3n causada por cera o cremas depilatorias.<\/p>\n<\/li>\n<li data-start=\"1958\" data-end=\"2006\">\n<p data-start=\"1960\" data-end=\"2006\">Tratamiento r\u00e1pido (pocos minutos por sesi\u00f3n).<\/p>\n<\/li>\n<\/ul>\n<p data-start=\"2008\" data-end=\"2081\">Es una zona peque\u00f1a, por lo que las sesiones son breves y muy tolerables.<\/p>\n<h3 data-start=\"2088\" data-end=\"2121\">2. Depilaci\u00f3n l\u00e1ser en ment\u00f3n<\/h3>\n<p data-start=\"2123\" data-end=\"2238\">El <strong data-start=\"2126\" data-end=\"2136\">ment\u00f3n<\/strong> es otra de las \u00e1reas donde el vello puede volverse m\u00e1s grueso, especialmente por factores hormonales.<\/p>\n<p data-start=\"2240\" data-end=\"2295\">La <strong data-start=\"2243\" data-end=\"2280\">depilaci\u00f3n l\u00e1ser facial en ment\u00f3n<\/strong> es ideal para:<\/p>\n<ul data-start=\"2297\" data-end=\"2437\">\n<li data-start=\"2297\" data-end=\"2322\">\n<p data-start=\"2299\" data-end=\"2322\">Vello grueso o rebelde.<\/p>\n<\/li>\n<li data-start=\"2323\" data-end=\"2383\">\n<p data-start=\"2325\" data-end=\"2383\">Casos de crecimiento frecuente tras depilaci\u00f3n con pinzas.<\/p>\n<\/li>\n<li data-start=\"2384\" data-end=\"2437\">\n<p data-start=\"2386\" data-end=\"2437\">Evitar manchas provocadas por irritaci\u00f3n constante.<\/p>\n<\/li>\n<\/ul>\n<p data-start=\"2439\" data-end=\"2577\">Con el paso de las sesiones, el crecimiento disminuye notablemente y el vello se vuelve cada vez m\u00e1s fino hasta pr\u00e1cticamente desaparecer.<\/p>\n<h3 data-start=\"2584\" data-end=\"2619\">3. Depilaci\u00f3n l\u00e1ser en patillas<\/h3>\n<p data-start=\"2621\" data-end=\"2786\">Las <strong data-start=\"2625\" data-end=\"2637\">patillas<\/strong> son una zona clave tanto en mujeres como en hombres. En el caso femenino, muchas personas buscan afinar el rostro eliminando vello lateral excesivo.<\/p>\n<p data-start=\"2788\" data-end=\"2825\">Ventajas del tratamiento en patillas:<\/p>\n<ul data-start=\"2827\" data-end=\"2938\">\n<li data-start=\"2827\" data-end=\"2861\">\n<p data-start=\"2829\" data-end=\"2861\">Perfilado m\u00e1s limpio del rostro.<\/p>\n<\/li>\n<li data-start=\"2862\" data-end=\"2900\">\n<p data-start=\"2864\" data-end=\"2900\">Mejora de la uniformidad de la piel.<\/p>\n<\/li>\n<li data-start=\"2901\" data-end=\"2938\">\n<p data-start=\"2903\" data-end=\"2938\">Resultados progresivos y naturales.<\/p>\n<\/li>\n<\/ul>\n<p data-start=\"2940\" data-end=\"3072\">La <strong data-start=\"2943\" data-end=\"2982\">depilaci\u00f3n l\u00e1ser rostro en patillas<\/strong> permite redefinir esta zona sin necesidad de mantenimiento constante con cera o cuchilla.<\/p>\n<h2 data-start=\"3079\" data-end=\"3113\">\u00bfCu\u00e1ntas sesiones se necesitan?<\/h2>\n<p data-start=\"3115\" data-end=\"3193\">El n\u00famero de sesiones de <strong data-start=\"3140\" data-end=\"3167\">depilaci\u00f3n l\u00e1ser facial<\/strong> depende de factores como:<\/p>\n<ul data-start=\"3195\" data-end=\"3277\">\n<li data-start=\"3195\" data-end=\"3210\">\n<p data-start=\"3197\" data-end=\"3210\">Tipo de piel.<\/p>\n<\/li>\n<li data-start=\"3211\" data-end=\"3238\">\n<p data-start=\"3213\" data-end=\"3238\">Color y grosor del vello.<\/p>\n<\/li>\n<li data-start=\"3239\" data-end=\"3261\">\n<p data-start=\"3241\" data-end=\"3261\">Factores hormonales.<\/p>\n<\/li>\n<li data-start=\"3262\" data-end=\"3277\">\n<p data-start=\"3264\" data-end=\"3277\">Zona tratada.<\/p>\n<\/li>\n<\/ul>\n<p data-start=\"3279\" data-end=\"3455\">De forma general, se recomiendan entre 6 y 8 sesiones, espaciadas varias semanas entre s\u00ed. Tras completar el tratamiento, pueden requerirse sesiones de mantenimiento puntuales.<\/p>\n<h2 data-start=\"3462\" data-end=\"3519\">Cuidados antes y despu\u00e9s de la depilaci\u00f3n l\u00e1ser facial<\/h2>\n<p data-start=\"3521\" data-end=\"3637\">Para obtener los mejores resultados en la <strong data-start=\"3563\" data-end=\"3590\">depilaci\u00f3n l\u00e1ser rostro<\/strong>, es importante seguir ciertas recomendaciones.<\/p>\n<h3 data-start=\"3639\" data-end=\"3665\">Antes del tratamiento:<\/h3>\n<ul data-start=\"3667\" data-end=\"3806\">\n<li data-start=\"3667\" data-end=\"3724\">\n<p data-start=\"3669\" data-end=\"3724\">No arrancar el vello con pinzas o cera (solo rasurado).<\/p>\n<\/li>\n<li data-start=\"3725\" data-end=\"3759\">\n<p data-start=\"3727\" data-end=\"3759\">Evitar exposici\u00f3n solar directa.<\/p>\n<\/li>\n<li data-start=\"3760\" data-end=\"3806\">\n<p data-start=\"3762\" data-end=\"3806\">No utilizar productos irritantes en la zona.<\/p>\n<\/li>\n<\/ul>\n<h3 data-start=\"3808\" data-end=\"3836\">Despu\u00e9s del tratamiento:<\/h3>\n<ul data-start=\"3838\" data-end=\"4023\">\n<li data-start=\"3838\" data-end=\"3879\">\n<p data-start=\"3840\" data-end=\"3879\">Aplicar crema calmante si es necesario.<\/p>\n<\/li>\n<li data-start=\"3880\" data-end=\"3916\">\n<p data-start=\"3882\" data-end=\"3916\">Evitar el sol durante varios d\u00edas.<\/p>\n<\/li>\n<li data-start=\"3917\" data-end=\"3964\">\n<p data-start=\"3919\" data-end=\"3964\">Usar protector solar alto en la zona tratada.<\/p>\n<\/li>\n<li data-start=\"3965\" data-end=\"4023\">\n<p data-start=\"3967\" data-end=\"4023\">No exfoliar la piel inmediatamente despu\u00e9s de la sesi\u00f3n.<\/p>\n<\/li>\n<\/ul>\n<p data-start=\"4025\" data-end=\"4116\">Seguir estas indicaciones ayuda a evitar irritaciones y mejora la eficacia del tratamiento.<\/p>\n<h2 data-start=\"4123\" data-end=\"4176\">Resultados esperados de la depilaci\u00f3n l\u00e1ser facial<\/h2>\n<p data-start=\"4178\" data-end=\"4280\">Los resultados de la <strong data-start=\"4199\" data-end=\"4226\">depilaci\u00f3n l\u00e1ser facial<\/strong> son progresivos. Desde las primeras sesiones notar\u00e1s:<\/p>\n<ul data-start=\"4282\" data-end=\"4375\">\n<li data-start=\"4282\" data-end=\"4310\">\n<p data-start=\"4284\" data-end=\"4310\">Reducci\u00f3n del crecimiento.<\/p>\n<\/li>\n<li data-start=\"4311\" data-end=\"4328\">\n<p data-start=\"4313\" data-end=\"4328\">Vello m\u00e1s fino.<\/p>\n<\/li>\n<li data-start=\"4329\" data-end=\"4346\">\n<p data-start=\"4331\" data-end=\"4346\">Menor densidad.<\/p>\n<\/li>\n<li data-start=\"4347\" data-end=\"4375\">\n<p data-start=\"4349\" data-end=\"4375\">Piel m\u00e1s suave y uniforme.<\/p>\n<\/li>\n<\/ul>\n<p data-start=\"4377\" data-end=\"4562\">Tras completar el tratamiento, la reducci\u00f3n del vello puede ser permanente en la mayor\u00eda de los casos, aunque pueden ser necesarias sesiones de mantenimiento en funci\u00f3n de cada persona.<\/p>\n<h2 data-start=\"4569\" data-end=\"4616\">\u00bfEs segura la depilaci\u00f3n l\u00e1ser en el rostro?<\/h2>\n<p data-start=\"4618\" data-end=\"4842\">S\u00ed, siempre que se realice en un centro especializado con tecnolog\u00eda adecuada y personal cualificado. El rostro es una zona sensible y requiere una valoraci\u00f3n profesional previa para adaptar la intensidad y el tipo de l\u00e1ser.<\/p>\n<p data-start=\"4844\" data-end=\"4879\">Elegir un centro experto garantiza:<\/p>\n<ul data-start=\"4881\" data-end=\"4977\">\n<li data-start=\"4881\" data-end=\"4893\">\n<p data-start=\"4883\" data-end=\"4893\">Seguridad.<\/p>\n<\/li>\n<li data-start=\"4894\" data-end=\"4928\">\n<p data-start=\"4896\" data-end=\"4928\">Personalizaci\u00f3n del tratamiento.<\/p>\n<\/li>\n<li data-start=\"4929\" data-end=\"4950\">\n<p data-start=\"4931\" data-end=\"4950\">Mejores resultados.<\/p>\n<\/li>\n<li data-start=\"4951\" data-end=\"4977\">\n<p data-start=\"4953\" data-end=\"4977\">Seguimiento profesional.<\/p>\n<\/li>\n<\/ul>\n<h2 data-start=\"4984\" data-end=\"5042\">Conf\u00eda en profesionales para tu depilaci\u00f3n l\u00e1ser facial.<\/h2>\n<p data-start=\"5044\" data-end=\"5251\">Si est\u00e1s buscando un tratamiento eficaz y seguro de <strong data-start=\"5096\" data-end=\"5160\">depilaci\u00f3n l\u00e1ser facial en labio superior, ment\u00f3n o patillas<\/strong>, es fundamental acudir a un centro especializado que realice una valoraci\u00f3n personalizada.<\/p>\n<p data-start=\"5253\" data-end=\"5397\">En Anhermed trabajamos con tecnolog\u00eda avanzada y protocolos adaptados a cada tipo de piel para ofrecer resultados visibles, seguros y duraderos.<\/p>\n<p style=\"text-align: center;\" data-start=\"5399\" data-end=\"5542\"><a href=\"https:\/\/anhermed.es\/cat\/contacto\/\" target=\"_blank\" rel=\"noopener\">\ud83d\udc49 <strong data-start=\"5402\" data-end=\"5542\">Solicita tu valoraci\u00f3n gratuita y empieza tu tratamiento de depilaci\u00f3n l\u00e1ser rostro con la tranquilidad de estar en manos profesionales.<\/strong><\/a><\/p>","protected":false},"excerpt":{"rendered":"<p>La depilaci\u00f3n l\u00e1ser facial se ha convertido en uno de los tratamientos m\u00e1s demandados tanto por mujeres como por hombres que desean eliminar el vello no deseado de forma duradera, segura y eficaz. El rostro es una zona especialmente delicada, por lo que elegir un centro profesional es clave para obtener buenos resultados sin riesgos. [&hellip;]<\/p>","protected":false},"author":7,"featured_media":1900,"comment_status":"open","ping_status":"open","sticky":false,"template":"","format":"standard","meta":{"footnotes":""},"categories":[1],"tags":[],"class_list":["post-1899","post","type-post","status-publish","format-standard","has-post-thumbnail","hentry","category-blog"],"yoast_head":"<!-- This site is optimized with the Yoast SEO plugin v26.8 - https:\/\/yoast.com\/product\/yoast-seo-wordpress\/ -->\n<title>Depilaci\u00f3n l\u00e1ser facial: labio superior, ment\u00f3n y patillas | Anhermed<\/title>\n<meta name=\"description\" content=\"Elimina el vello de labio superior, ment\u00f3n y patillas con depilaci\u00f3n l\u00e1ser facial segura y eficaz. Resultados visibles.\" \/>\n<meta name=\"robots\" content=\"index, follow, max-snippet:-1, max-image-preview:large, max-video-preview:-1\" \/>\n<link rel=\"canonical\" href=\"https:\/\/anhermed.es\/cat\/depilacion-laser-facial-zonas-cuidados-y-resultados-esperados\/\" \/>\n<meta property=\"og:locale\" content=\"ca_ES\" \/>\n<meta property=\"og:type\" content=\"article\" \/>\n<meta property=\"og:title\" content=\"Depilaci\u00f3n l\u00e1ser facial: labio superior, ment\u00f3n y patillas | Anhermed\" \/>\n<meta property=\"og:description\" content=\"Elimina el vello de labio superior, ment\u00f3n y patillas con depilaci\u00f3n l\u00e1ser facial segura y eficaz. Resultados visibles.\" \/>\n<meta property=\"og:url\" content=\"https:\/\/anhermed.es\/cat\/depilacion-laser-facial-zonas-cuidados-y-resultados-esperados\/\" \/>\n<meta property=\"og:site_name\" content=\"Anhermed\" \/>\n<meta property=\"article:published_time\" content=\"2026-02-17T13:53:35+00:00\" \/>\n<meta property=\"article:modified_time\" content=\"2026-02-17T13:56:13+00:00\" \/>\n<meta property=\"og:image\" content=\"https:\/\/anhermed.es\/wp-content\/uploads\/2026\/02\/ANA-HERVAS-MEDINA-1.jpg\" \/>\n\t<meta property=\"og:image:width\" content=\"2240\" \/>\n\t<meta property=\"og:image:height\" content=\"1260\" \/>\n\t<meta property=\"og:image:type\" content=\"image\/jpeg\" \/>\n<meta name=\"author\" content=\"Externos\" \/>\n<meta name=\"twitter:card\" content=\"summary_large_image\" \/>\n<meta name=\"twitter:label1\" content=\"Escrit per\" \/>\n\t<meta name=\"twitter:data1\" content=\"Externos\" \/>\n\t<meta name=\"twitter:label2\" content=\"Temps estimat de lectura\" \/>\n\t<meta name=\"twitter:data2\" content=\"4 minuts\" \/>\n<script type=\"application\/ld+json\" class=\"yoast-schema-graph\">{\"@context\":\"https:\/\/schema.org\",\"@graph\":[{\"@type\":\"Article\",\"@id\":\"https:\/\/anhermed.es\/depilacion-laser-facial-zonas-cuidados-y-resultados-esperados\/#article\",\"isPartOf\":{\"@id\":\"https:\/\/anhermed.es\/depilacion-laser-facial-zonas-cuidados-y-resultados-esperados\/\"},\"author\":{\"name\":\"Externos\",\"@id\":\"https:\/\/anhermed.es\/#\/schema\/person\/609d7bac6ccdca8dd80fda8d7f2ab138\"},\"headline\":\"Depilaci\u00f3n l\u00e1ser facial: zonas, cuidados y resultados esperados\",\"datePublished\":\"2026-02-17T13:53:35+00:00\",\"dateModified\":\"2026-02-17T13:56:13+00:00\",\"mainEntityOfPage\":{\"@id\":\"https:\/\/anhermed.es\/depilacion-laser-facial-zonas-cuidados-y-resultados-esperados\/\"},\"wordCount\":863,\"commentCount\":0,\"publisher\":{\"@id\":\"https:\/\/anhermed.es\/#organization\"},\"image\":{\"@id\":\"https:\/\/anhermed.es\/depilacion-laser-facial-zonas-cuidados-y-resultados-esperados\/#primaryimage\"},\"thumbnailUrl\":\"https:\/\/anhermed.es\/wp-content\/uploads\/2026\/02\/ANA-HERVAS-MEDINA-1.jpg\",\"articleSection\":[\"Blog\"],\"inLanguage\":\"ca\",\"potentialAction\":[{\"@type\":\"CommentAction\",\"name\":\"Comment\",\"target\":[\"https:\/\/anhermed.es\/depilacion-laser-facial-zonas-cuidados-y-resultados-esperados\/#respond\"]}]},{\"@type\":\"WebPage\",\"@id\":\"https:\/\/anhermed.es\/depilacion-laser-facial-zonas-cuidados-y-resultados-esperados\/\",\"url\":\"https:\/\/anhermed.es\/depilacion-laser-facial-zonas-cuidados-y-resultados-esperados\/\",\"name\":\"Depilaci\u00f3n l\u00e1ser facial: labio superior, ment\u00f3n y patillas | Anhermed\",\"isPartOf\":{\"@id\":\"https:\/\/anhermed.es\/#website\"},\"primaryImageOfPage\":{\"@id\":\"https:\/\/anhermed.es\/depilacion-laser-facial-zonas-cuidados-y-resultados-esperados\/#primaryimage\"},\"image\":{\"@id\":\"https:\/\/anhermed.es\/depilacion-laser-facial-zonas-cuidados-y-resultados-esperados\/#primaryimage\"},\"thumbnailUrl\":\"https:\/\/anhermed.es\/wp-content\/uploads\/2026\/02\/ANA-HERVAS-MEDINA-1.jpg\",\"datePublished\":\"2026-02-17T13:53:35+00:00\",\"dateModified\":\"2026-02-17T13:56:13+00:00\",\"description\":\"Elimina el vello de labio superior, ment\u00f3n y patillas con depilaci\u00f3n l\u00e1ser facial segura y eficaz. Resultados visibles.\",\"breadcrumb\":{\"@id\":\"https:\/\/anhermed.es\/depilacion-laser-facial-zonas-cuidados-y-resultados-esperados\/#breadcrumb\"},\"inLanguage\":\"ca\",\"potentialAction\":[{\"@type\":\"ReadAction\",\"target\":[\"https:\/\/anhermed.es\/depilacion-laser-facial-zonas-cuidados-y-resultados-esperados\/\"]}]},{\"@type\":\"ImageObject\",\"inLanguage\":\"ca\",\"@id\":\"https:\/\/anhermed.es\/depilacion-laser-facial-zonas-cuidados-y-resultados-esperados\/#primaryimage\",\"url\":\"https:\/\/anhermed.es\/wp-content\/uploads\/2026\/02\/ANA-HERVAS-MEDINA-1.jpg\",\"contentUrl\":\"https:\/\/anhermed.es\/wp-content\/uploads\/2026\/02\/ANA-HERVAS-MEDINA-1.jpg\",\"width\":2240,\"height\":1260,\"caption\":\"Depilaci\u00f3n l\u00e1ser facial\"},{\"@type\":\"BreadcrumbList\",\"@id\":\"https:\/\/anhermed.es\/depilacion-laser-facial-zonas-cuidados-y-resultados-esperados\/#breadcrumb\",\"itemListElement\":[{\"@type\":\"ListItem\",\"position\":1,\"name\":\"Portada\",\"item\":\"https:\/\/anhermed.es\/\"},{\"@type\":\"ListItem\",\"position\":2,\"name\":\"Depilaci\u00f3n l\u00e1ser facial: zonas, cuidados y resultados esperados\"}]},{\"@type\":\"WebSite\",\"@id\":\"https:\/\/anhermed.es\/#website\",\"url\":\"https:\/\/anhermed.es\/\",\"name\":\"Anhermed\",\"description\":\"\",\"publisher\":{\"@id\":\"https:\/\/anhermed.es\/#organization\"},\"potentialAction\":[{\"@type\":\"SearchAction\",\"target\":{\"@type\":\"EntryPoint\",\"urlTemplate\":\"https:\/\/anhermed.es\/?s={search_term_string}\"},\"query-input\":{\"@type\":\"PropertyValueSpecification\",\"valueRequired\":true,\"valueName\":\"search_term_string\"}}],\"inLanguage\":\"ca\"},{\"@type\":\"Organization\",\"@id\":\"https:\/\/anhermed.es\/#organization\",\"name\":\"Anhermed\",\"url\":\"https:\/\/anhermed.es\/\",\"logo\":{\"@type\":\"ImageObject\",\"inLanguage\":\"ca\",\"@id\":\"https:\/\/anhermed.es\/#\/schema\/logo\/image\/\",\"url\":\"https:\/\/anhermed.es\/wp-content\/uploads\/2024\/07\/ANHERMED-1.svg\",\"contentUrl\":\"https:\/\/anhermed.es\/wp-content\/uploads\/2024\/07\/ANHERMED-1.svg\",\"width\":209,\"height\":215,\"caption\":\"Anhermed\"},\"image\":{\"@id\":\"https:\/\/anhermed.es\/#\/schema\/logo\/image\/\"}},{\"@type\":\"Person\",\"@id\":\"https:\/\/anhermed.es\/#\/schema\/person\/609d7bac6ccdca8dd80fda8d7f2ab138\",\"name\":\"Externos\",\"image\":{\"@type\":\"ImageObject\",\"inLanguage\":\"ca\",\"@id\":\"https:\/\/anhermed.es\/#\/schema\/person\/image\/\",\"url\":\"https:\/\/secure.gravatar.com\/avatar\/8a434a38de8f3fcc611d82a813f3d565b13d68d52d43b774efc1433601106507?s=96&d=mm&r=g\",\"contentUrl\":\"https:\/\/secure.gravatar.com\/avatar\/8a434a38de8f3fcc611d82a813f3d565b13d68d52d43b774efc1433601106507?s=96&d=mm&r=g\",\"caption\":\"Externos\"},\"url\":\"https:\/\/anhermed.es\/cat\/author\/externos\/\"}]}<\/script>\n<!-- \/ Yoast SEO plugin. -->","yoast_head_json":{"title":"Depilaci\u00f3n l\u00e1ser facial: labio superior, ment\u00f3n y patillas | Anhermed","description":"Elimina el vello de labio superior, ment\u00f3n y patillas con depilaci\u00f3n l\u00e1ser facial segura y eficaz. Resultados visibles.","robots":{"index":"index","follow":"follow","max-snippet":"max-snippet:-1","max-image-preview":"max-image-preview:large","max-video-preview":"max-video-preview:-1"},"canonical":"https:\/\/anhermed.es\/cat\/depilacion-laser-facial-zonas-cuidados-y-resultados-esperados\/","og_locale":"ca_ES","og_type":"article","og_title":"Depilaci\u00f3n l\u00e1ser facial: labio superior, ment\u00f3n y patillas | Anhermed","og_description":"Elimina el vello de labio superior, ment\u00f3n y patillas con depilaci\u00f3n l\u00e1ser facial segura y eficaz. Resultados visibles.","og_url":"https:\/\/anhermed.es\/cat\/depilacion-laser-facial-zonas-cuidados-y-resultados-esperados\/","og_site_name":"Anhermed","article_published_time":"2026-02-17T13:53:35+00:00","article_modified_time":"2026-02-17T13:56:13+00:00","og_image":[{"width":2240,"height":1260,"url":"https:\/\/anhermed.es\/wp-content\/uploads\/2026\/02\/ANA-HERVAS-MEDINA-1.jpg","type":"image\/jpeg"}],"author":"Externos","twitter_card":"summary_large_image","twitter_misc":{"Escrit per":"Externos","Temps estimat de lectura":"4 minuts"},"schema":{"@context":"https:\/\/schema.org","@graph":[{"@type":"Article","@id":"https:\/\/anhermed.es\/depilacion-laser-facial-zonas-cuidados-y-resultados-esperados\/#article","isPartOf":{"@id":"https:\/\/anhermed.es\/depilacion-laser-facial-zonas-cuidados-y-resultados-esperados\/"},"author":{"name":"Externos","@id":"https:\/\/anhermed.es\/#\/schema\/person\/609d7bac6ccdca8dd80fda8d7f2ab138"},"headline":"Depilaci\u00f3n l\u00e1ser facial: zonas, cuidados y resultados esperados","datePublished":"2026-02-17T13:53:35+00:00","dateModified":"2026-02-17T13:56:13+00:00","mainEntityOfPage":{"@id":"https:\/\/anhermed.es\/depilacion-laser-facial-zonas-cuidados-y-resultados-esperados\/"},"wordCount":863,"commentCount":0,"publisher":{"@id":"https:\/\/anhermed.es\/#organization"},"image":{"@id":"https:\/\/anhermed.es\/depilacion-laser-facial-zonas-cuidados-y-resultados-esperados\/#primaryimage"},"thumbnailUrl":"https:\/\/anhermed.es\/wp-content\/uploads\/2026\/02\/ANA-HERVAS-MEDINA-1.jpg","articleSection":["Blog"],"inLanguage":"ca","potentialAction":[{"@type":"CommentAction","name":"Comment","target":["https:\/\/anhermed.es\/depilacion-laser-facial-zonas-cuidados-y-resultados-esperados\/#respond"]}]},{"@type":"WebPage","@id":"https:\/\/anhermed.es\/depilacion-laser-facial-zonas-cuidados-y-resultados-esperados\/","url":"https:\/\/anhermed.es\/depilacion-laser-facial-zonas-cuidados-y-resultados-esperados\/","name":"Depilaci\u00f3n l\u00e1ser facial: labio superior, ment\u00f3n y patillas | Anhermed","isPartOf":{"@id":"https:\/\/anhermed.es\/#website"},"primaryImageOfPage":{"@id":"https:\/\/anhermed.es\/depilacion-laser-facial-zonas-cuidados-y-resultados-esperados\/#primaryimage"},"image":{"@id":"https:\/\/anhermed.es\/depilacion-laser-facial-zonas-cuidados-y-resultados-esperados\/#primaryimage"},"thumbnailUrl":"https:\/\/anhermed.es\/wp-content\/uploads\/2026\/02\/ANA-HERVAS-MEDINA-1.jpg","datePublished":"2026-02-17T13:53:35+00:00","dateModified":"2026-02-17T13:56:13+00:00","description":"Elimina el vello de labio superior, ment\u00f3n y patillas con depilaci\u00f3n l\u00e1ser facial segura y eficaz. Resultados visibles.","breadcrumb":{"@id":"https:\/\/anhermed.es\/depilacion-laser-facial-zonas-cuidados-y-resultados-esperados\/#breadcrumb"},"inLanguage":"ca","potentialAction":[{"@type":"ReadAction","target":["https:\/\/anhermed.es\/depilacion-laser-facial-zonas-cuidados-y-resultados-esperados\/"]}]},{"@type":"ImageObject","inLanguage":"ca","@id":"https:\/\/anhermed.es\/depilacion-laser-facial-zonas-cuidados-y-resultados-esperados\/#primaryimage","url":"https:\/\/anhermed.es\/wp-content\/uploads\/2026\/02\/ANA-HERVAS-MEDINA-1.jpg","contentUrl":"https:\/\/anhermed.es\/wp-content\/uploads\/2026\/02\/ANA-HERVAS-MEDINA-1.jpg","width":2240,"height":1260,"caption":"Depilaci\u00f3n l\u00e1ser facial"},{"@type":"BreadcrumbList","@id":"https:\/\/anhermed.es\/depilacion-laser-facial-zonas-cuidados-y-resultados-esperados\/#breadcrumb","itemListElement":[{"@type":"ListItem","position":1,"name":"Portada","item":"https:\/\/anhermed.es\/"},{"@type":"ListItem","position":2,"name":"Depilaci\u00f3n l\u00e1ser facial: zonas, cuidados y resultados esperados"}]},{"@type":"WebSite","@id":"https:\/\/anhermed.es\/#website","url":"https:\/\/anhermed.es\/","name":"Anhermed","description":"","publisher":{"@id":"https:\/\/anhermed.es\/#organization"},"potentialAction":[{"@type":"SearchAction","target":{"@type":"EntryPoint","urlTemplate":"https:\/\/anhermed.es\/?s={search_term_string}"},"query-input":{"@type":"PropertyValueSpecification","valueRequired":true,"valueName":"search_term_string"}}],"inLanguage":"ca"},{"@type":"Organization","@id":"https:\/\/anhermed.es\/#organization","name":"Anhermed","url":"https:\/\/anhermed.es\/","logo":{"@type":"ImageObject","inLanguage":"ca","@id":"https:\/\/anhermed.es\/#\/schema\/logo\/image\/","url":"https:\/\/anhermed.es\/wp-content\/uploads\/2024\/07\/ANHERMED-1.svg","contentUrl":"https:\/\/anhermed.es\/wp-content\/uploads\/2024\/07\/ANHERMED-1.svg","width":209,"height":215,"caption":"Anhermed"},"image":{"@id":"https:\/\/anhermed.es\/#\/schema\/logo\/image\/"}},{"@type":"Person","@id":"https:\/\/anhermed.es\/#\/schema\/person\/609d7bac6ccdca8dd80fda8d7f2ab138","name":"Externos","image":{"@type":"ImageObject","inLanguage":"ca","@id":"https:\/\/anhermed.es\/#\/schema\/person\/image\/","url":"https:\/\/secure.gravatar.com\/avatar\/8a434a38de8f3fcc611d82a813f3d565b13d68d52d43b774efc1433601106507?s=96&d=mm&r=g","contentUrl":"https:\/\/secure.gravatar.com\/avatar\/8a434a38de8f3fcc611d82a813f3d565b13d68d52d43b774efc1433601106507?s=96&d=mm&r=g","caption":"Externos"},"url":"https:\/\/anhermed.es\/cat\/author\/externos\/"}]}},"_links":{"self":[{"href":"https:\/\/anhermed.es\/cat\/wp-json\/wp\/v2\/posts\/1899","targetHints":{"allow":["GET"]}}],"collection":[{"href":"https:\/\/anhermed.es\/cat\/wp-json\/wp\/v2\/posts"}],"about":[{"href":"https:\/\/anhermed.es\/cat\/wp-json\/wp\/v2\/types\/post"}],"author":[{"embeddable":true,"href":"https:\/\/anhermed.es\/cat\/wp-json\/wp\/v2\/users\/7"}],"replies":[{"embeddable":true,"href":"https:\/\/anhermed.es\/cat\/wp-json\/wp\/v2\/comments?post=1899"}],"version-history":[{"count":5,"href":"https:\/\/anhermed.es\/cat\/wp-json\/wp\/v2\/posts\/1899\/revisions"}],"predecessor-version":[{"id":1905,"href":"https:\/\/anhermed.es\/cat\/wp-json\/wp\/v2\/posts\/1899\/revisions\/1905"}],"wp:featuredmedia":[{"embeddable":true,"href":"https:\/\/anhermed.es\/cat\/wp-json\/wp\/v2\/media\/1900"}],"wp:attachment":[{"href":"https:\/\/anhermed.es\/cat\/wp-json\/wp\/v2\/media?parent=1899"}],"wp:term":[{"taxonomy":"category","embeddable":true,"href":"https:\/\/anhermed.es\/cat\/wp-json\/wp\/v2\/categories?post=1899"},{"taxonomy":"post_tag","embeddable":true,"href":"https:\/\/anhermed.es\/cat\/wp-json\/wp\/v2\/tags?post=1899"}],"curies":[{"name":"wp","href":"https:\/\/api.w.org\/{rel}","templated":true}]}}