{"id":1855,"date":"2025-12-23T16:21:26","date_gmt":"2025-12-23T15:21:26","guid":{"rendered":"https:\/\/anhermed.es\/?p=1855"},"modified":"2025-12-26T16:59:50","modified_gmt":"2025-12-26T15:59:50","slug":"depilacion-laser-en-invierno","status":"publish","type":"post","link":"https:\/\/anhermed.es\/cat\/depilacion-laser-en-invierno\/","title":{"rendered":"Depilaci\u00f3 l\u00e0ser a l&#039;hivern: per qu\u00e8 \u00e9s la millor \u00e8poca per comen\u00e7ar"},"content":{"rendered":"<p>Quan es parla de depilaci\u00f3 l\u00e0ser, moltes persones pensen autom\u00e0ticament a la primavera o l&#039;estiu. Tot i aix\u00f2, el que pocs saben \u00e9s que <strong>la depilaci\u00f3 l\u00e0ser a l&#039;hivern \u00e9s la millor decisi\u00f3<\/strong> si busques resultats \u00f2ptims, m\u00e9s seguretat i una pell perfecta quan arribi el bon temps.<\/p>\n<p>Si est\u00e0s investigant ara per arribar a l&#039;estiu sense preocupacions, aquest \u00e9s el moment ideal per comen\u00e7ar el tractament de <strong>depilaci\u00f3 l\u00e0ser m\u00e8dica<\/strong>.<\/p>\n<p><img fetchpriority=\"high\" decoding=\"async\" class=\"alignnone wp-image-1865 aligncenter\" src=\"https:\/\/anhermed.es\/wp-content\/uploads\/2025\/12\/ANA-HERVAS-MEDINA-300x169.png\" alt=\"\" width=\"678\" height=\"382\" srcset=\"https:\/\/anhermed.es\/wp-content\/uploads\/2025\/12\/ANA-HERVAS-MEDINA-300x169.png 300w, https:\/\/anhermed.es\/wp-content\/uploads\/2025\/12\/ANA-HERVAS-MEDINA-1024x576.png 1024w, https:\/\/anhermed.es\/wp-content\/uploads\/2025\/12\/ANA-HERVAS-MEDINA-768x432.png 768w, https:\/\/anhermed.es\/wp-content\/uploads\/2025\/12\/ANA-HERVAS-MEDINA-1536x864.png 1536w, https:\/\/anhermed.es\/wp-content\/uploads\/2025\/12\/ANA-HERVAS-MEDINA-2048x1152.png 2048w, https:\/\/anhermed.es\/wp-content\/uploads\/2025\/12\/ANA-HERVAS-MEDINA-18x10.png 18w\" sizes=\"(max-width: 678px) 100vw, 678px\" \/><\/p>\n<h2 class=\"western\">Per qu\u00e8 la depilaci\u00f3 l\u00e0ser a l&#039;hivern \u00e9s m\u00e9s efectiva?<\/h2>\n<p>La depilaci\u00f3 l\u00e0ser funciona millor quan la pell no est\u00e0 bronzejada i el contrast entre el p\u00e8l i la pell \u00e9s m\u00e9s gran. Durant l&#039;hivern, l&#039;exposici\u00f3 solar disminueix considerablement, fet que converteix aquesta estaci\u00f3 en l&#039;aliada perfecta per iniciar el tractament.<\/p>\n<p>A m\u00e9s, el proc\u00e9s de depilaci\u00f3 l\u00e0ser requereix diverses sessions espaiades en el temps. Comen\u00e7ar a l&#039;hivern permet seguir el calendari complet sense presses i amb resultats visibles i duradors.<\/p>\n<p>&nbsp;<\/p>\n<h2 class=\"western\">Avantatges de comen\u00e7ar la depilaci\u00f3 l\u00e0ser a l&#039;hivern<\/h2>\n<h3 class=\"western\">Menor exposici\u00f3 solar = m\u00e9s seguretat<\/h3>\n<p>Una de les principals recomanacions despr\u00e9s d&#039;una sessi\u00f3 de <strong>depilaci\u00f3 l\u00e0ser m\u00e8dica<\/strong> \u00e9s evitar lexposici\u00f3 directa al sol. A l&#039;hivern, aquesta cura \u00e9s molt m\u00e9s senzilla, reduint el risc de taques, irritacions o efectes secundaris a la pell.<\/p>\n<h3 class=\"western\">Millor resposta del tractament<\/h3>\n<p>Com que no est\u00e0 bronzejada, la pell respon millor al l\u00e0ser. Aix\u00f2 permet que l&#039;energia es concentri al fol\u00b7licle pil\u00f3s, augmentant l&#039;efic\u00e0cia de cada sessi\u00f3 i optimitzant els resultats des de les primeres aplicacions.<\/p>\n<h3 class=\"western\">Resultats visibles de cara a l&#039;estiu<\/h3>\n<p>La depilaci\u00f3 l\u00e0ser no \u00e9s immediata; requereix const\u00e0ncia. Iniciar el tractament a l&#039;hivern garanteix que, quan arribi l&#039;estiu, el creixement del p\u00e8l sigui m\u00ednim o pr\u00e0cticament inexistent, permetent gaudir d&#039;una pell suau sense rec\u00f3rrer a m\u00e8todes tradicionals com ara la cera o el rasurat.<\/p>\n<h3 class=\"western\">M\u00e9s comoditat i planificaci\u00f3<\/h3>\n<p>Durant l&#039;hivern solem cobrir m\u00e9s la pell, cosa que fa que el lleuger envermelliment posterior a les sessions passi desapercebut. A m\u00e9s, \u00e9s una \u00e8poca ideal per organitzar les cites amb calma i sense urg\u00e8ncia t\u00edpica dels mesos previs a l&#039;estiu.<\/p>\n<h3>Depilaci\u00f3 l\u00e0ser m\u00e8dica: lopci\u00f3 m\u00e9s segura i efica\u00e7<\/h3>\n<p>Optar per <strong>depilaci\u00f3 l\u00e0ser m\u00e8dica<\/strong> significa triar un tractament supervisat per professionals de la salut, amb tecnologia avan\u00e7ada i protocols personalitzats segons el teu tipus de pell i borrissol. Aix\u00f2 no nom\u00e9s millora els resultats, sin\u00f3 que tamb\u00e9 garanteix un proc\u00e9s segur i adaptat a les vostres necessitats.<\/p>\n<h2 class=\"western\">Comen\u00e7a avui i oblida&#039;t del p\u00e8l a l&#039;estiu<\/h2>\n<p>Si est\u00e0s buscant informaci\u00f3 ara, vas un pas endavant. <strong>La depilaci\u00f3 l\u00e0ser a l&#039;hivern<\/strong> \u00e9s una inversi\u00f3 intel\u00b7ligent en comoditat, est\u00e8tica i tranquil\u00b7litat per als mesos de calor.<\/p>\n<p>Comen\u00e7ar el tractament en aquesta \u00e8poca us permetr\u00e0 arribar a l&#039;estiu amb la confian\u00e7a d&#039;una pell cuidada, sense presses i amb resultats reals i duradors.<\/p>\n<p style=\"text-align: center;\"><strong data-start=\"1109\" data-end=\"1192\">Comen\u00e7a la teva depilaci\u00f3 l\u00e0ser aquest hivern i arriba a l&#039;estiu sense preocupacions.<\/strong><br data-start=\"1192\" data-end=\"1195\" \/><a href=\"https:\/\/anhermed.es\/cat\/contacto\/\" target=\"_blank\" rel=\"noopener\">\ud83d\udc49 <em data-start=\"1198\" data-end=\"1242\">Demana la teva valoraci\u00f3 personalitzada ara<\/em><\/a><\/p>\n<p>&nbsp;<\/p>\n<p>&nbsp;<\/p>","protected":false},"excerpt":{"rendered":"<p>Quan es parla de depilaci\u00f3 l\u00e0ser, moltes persones pensen autom\u00e0ticament a la primavera o l&#039;estiu. Tot i aix\u00f2, el que pocs saben \u00e9s que la depilaci\u00f3 l\u00e0ser a l&#039;hivern \u00e9s la millor decisi\u00f3 si busques resultats \u00f2ptims, m\u00e9s seguretat i una pell perfecta quan arribi el bon temps. Si est\u00e0s investigant ara per arribar al [\u2026]<\/p>","protected":false},"author":7,"featured_media":1856,"comment_status":"open","ping_status":"open","sticky":false,"template":"","format":"standard","meta":{"footnotes":""},"categories":[1],"tags":[],"class_list":["post-1855","post","type-post","status-publish","format-standard","has-post-thumbnail","hentry","category-blog"],"yoast_head":"<!-- This site is optimized with the Yoast SEO plugin v26.8 - https:\/\/yoast.com\/product\/yoast-seo-wordpress\/ -->\n<title>Depilaci\u00f3n l\u00e1ser en invierno: la mejor \u00e9poca para empezar<\/title>\n<meta name=\"description\" content=\"Descubre por qu\u00e9 la depilaci\u00f3n l\u00e1ser en invierno es m\u00e1s segura y efectiva. Empieza ahora y llega al verano con resultados visibles y duraderos.\" \/>\n<meta name=\"robots\" content=\"index, follow, max-snippet:-1, max-image-preview:large, max-video-preview:-1\" \/>\n<link rel=\"canonical\" href=\"https:\/\/anhermed.es\/cat\/depilacion-laser-en-invierno\/\" \/>\n<meta property=\"og:locale\" content=\"ca_ES\" \/>\n<meta property=\"og:type\" content=\"article\" \/>\n<meta property=\"og:title\" content=\"Depilaci\u00f3n l\u00e1ser en invierno: la mejor \u00e9poca para empezar\" \/>\n<meta property=\"og:description\" content=\"Descubre por qu\u00e9 la depilaci\u00f3n l\u00e1ser en invierno es m\u00e1s segura y efectiva. Empieza ahora y llega al verano con resultados visibles y duraderos.\" \/>\n<meta property=\"og:url\" content=\"https:\/\/anhermed.es\/cat\/depilacion-laser-en-invierno\/\" \/>\n<meta property=\"og:site_name\" content=\"Anhermed\" \/>\n<meta property=\"article:published_time\" content=\"2025-12-23T15:21:26+00:00\" \/>\n<meta property=\"article:modified_time\" content=\"2025-12-26T15:59:50+00:00\" \/>\n<meta property=\"og:image\" content=\"https:\/\/anhermed.es\/wp-content\/uploads\/2025\/12\/ANA-HERVAS-MEDINA-1.jpg\" \/>\n\t<meta property=\"og:image:width\" content=\"2240\" \/>\n\t<meta property=\"og:image:height\" content=\"1260\" \/>\n\t<meta property=\"og:image:type\" content=\"image\/jpeg\" \/>\n<meta name=\"author\" content=\"Externos\" \/>\n<meta name=\"twitter:card\" content=\"summary_large_image\" \/>\n<meta name=\"twitter:label1\" content=\"Escrit per\" \/>\n\t<meta name=\"twitter:data1\" content=\"Externos\" \/>\n\t<meta name=\"twitter:label2\" content=\"Temps estimat de lectura\" \/>\n\t<meta name=\"twitter:data2\" content=\"3 minuts\" \/>\n<script type=\"application\/ld+json\" class=\"yoast-schema-graph\">{\"@context\":\"https:\/\/schema.org\",\"@graph\":[{\"@type\":\"Article\",\"@id\":\"https:\/\/anhermed.es\/depilacion-laser-en-invierno\/#article\",\"isPartOf\":{\"@id\":\"https:\/\/anhermed.es\/depilacion-laser-en-invierno\/\"},\"author\":{\"name\":\"Externos\",\"@id\":\"https:\/\/anhermed.es\/#\/schema\/person\/609d7bac6ccdca8dd80fda8d7f2ab138\"},\"headline\":\"Depilaci\u00f3n l\u00e1ser en invierno: por qu\u00e9 es la mejor \u00e9poca para empezar\",\"datePublished\":\"2025-12-23T15:21:26+00:00\",\"dateModified\":\"2025-12-26T15:59:50+00:00\",\"mainEntityOfPage\":{\"@id\":\"https:\/\/anhermed.es\/depilacion-laser-en-invierno\/\"},\"wordCount\":559,\"commentCount\":0,\"publisher\":{\"@id\":\"https:\/\/anhermed.es\/#organization\"},\"image\":{\"@id\":\"https:\/\/anhermed.es\/depilacion-laser-en-invierno\/#primaryimage\"},\"thumbnailUrl\":\"https:\/\/anhermed.es\/wp-content\/uploads\/2025\/12\/ANA-HERVAS-MEDINA-1.jpg\",\"articleSection\":[\"Blog\"],\"inLanguage\":\"ca\",\"potentialAction\":[{\"@type\":\"CommentAction\",\"name\":\"Comment\",\"target\":[\"https:\/\/anhermed.es\/depilacion-laser-en-invierno\/#respond\"]}]},{\"@type\":\"WebPage\",\"@id\":\"https:\/\/anhermed.es\/depilacion-laser-en-invierno\/\",\"url\":\"https:\/\/anhermed.es\/depilacion-laser-en-invierno\/\",\"name\":\"Depilaci\u00f3n l\u00e1ser en invierno: la mejor \u00e9poca para empezar\",\"isPartOf\":{\"@id\":\"https:\/\/anhermed.es\/#website\"},\"primaryImageOfPage\":{\"@id\":\"https:\/\/anhermed.es\/depilacion-laser-en-invierno\/#primaryimage\"},\"image\":{\"@id\":\"https:\/\/anhermed.es\/depilacion-laser-en-invierno\/#primaryimage\"},\"thumbnailUrl\":\"https:\/\/anhermed.es\/wp-content\/uploads\/2025\/12\/ANA-HERVAS-MEDINA-1.jpg\",\"datePublished\":\"2025-12-23T15:21:26+00:00\",\"dateModified\":\"2025-12-26T15:59:50+00:00\",\"description\":\"Descubre por qu\u00e9 la depilaci\u00f3n l\u00e1ser en invierno es m\u00e1s segura y efectiva. Empieza ahora y llega al verano con resultados visibles y duraderos.\",\"breadcrumb\":{\"@id\":\"https:\/\/anhermed.es\/depilacion-laser-en-invierno\/#breadcrumb\"},\"inLanguage\":\"ca\",\"potentialAction\":[{\"@type\":\"ReadAction\",\"target\":[\"https:\/\/anhermed.es\/depilacion-laser-en-invierno\/\"]}]},{\"@type\":\"ImageObject\",\"inLanguage\":\"ca\",\"@id\":\"https:\/\/anhermed.es\/depilacion-laser-en-invierno\/#primaryimage\",\"url\":\"https:\/\/anhermed.es\/wp-content\/uploads\/2025\/12\/ANA-HERVAS-MEDINA-1.jpg\",\"contentUrl\":\"https:\/\/anhermed.es\/wp-content\/uploads\/2025\/12\/ANA-HERVAS-MEDINA-1.jpg\",\"width\":2240,\"height\":1260,\"caption\":\"Depilaci\u00f3n l\u00e1ser\"},{\"@type\":\"BreadcrumbList\",\"@id\":\"https:\/\/anhermed.es\/depilacion-laser-en-invierno\/#breadcrumb\",\"itemListElement\":[{\"@type\":\"ListItem\",\"position\":1,\"name\":\"Portada\",\"item\":\"https:\/\/anhermed.es\/\"},{\"@type\":\"ListItem\",\"position\":2,\"name\":\"Depilaci\u00f3n l\u00e1ser en invierno: por qu\u00e9 es la mejor \u00e9poca para empezar\"}]},{\"@type\":\"WebSite\",\"@id\":\"https:\/\/anhermed.es\/#website\",\"url\":\"https:\/\/anhermed.es\/\",\"name\":\"Anhermed\",\"description\":\"\",\"publisher\":{\"@id\":\"https:\/\/anhermed.es\/#organization\"},\"potentialAction\":[{\"@type\":\"SearchAction\",\"target\":{\"@type\":\"EntryPoint\",\"urlTemplate\":\"https:\/\/anhermed.es\/?s={search_term_string}\"},\"query-input\":{\"@type\":\"PropertyValueSpecification\",\"valueRequired\":true,\"valueName\":\"search_term_string\"}}],\"inLanguage\":\"ca\"},{\"@type\":\"Organization\",\"@id\":\"https:\/\/anhermed.es\/#organization\",\"name\":\"Anhermed\",\"url\":\"https:\/\/anhermed.es\/\",\"logo\":{\"@type\":\"ImageObject\",\"inLanguage\":\"ca\",\"@id\":\"https:\/\/anhermed.es\/#\/schema\/logo\/image\/\",\"url\":\"https:\/\/anhermed.es\/wp-content\/uploads\/2024\/07\/ANHERMED-1.svg\",\"contentUrl\":\"https:\/\/anhermed.es\/wp-content\/uploads\/2024\/07\/ANHERMED-1.svg\",\"width\":209,\"height\":215,\"caption\":\"Anhermed\"},\"image\":{\"@id\":\"https:\/\/anhermed.es\/#\/schema\/logo\/image\/\"}},{\"@type\":\"Person\",\"@id\":\"https:\/\/anhermed.es\/#\/schema\/person\/609d7bac6ccdca8dd80fda8d7f2ab138\",\"name\":\"Externos\",\"image\":{\"@type\":\"ImageObject\",\"inLanguage\":\"ca\",\"@id\":\"https:\/\/anhermed.es\/#\/schema\/person\/image\/\",\"url\":\"https:\/\/secure.gravatar.com\/avatar\/8a434a38de8f3fcc611d82a813f3d565b13d68d52d43b774efc1433601106507?s=96&d=mm&r=g\",\"contentUrl\":\"https:\/\/secure.gravatar.com\/avatar\/8a434a38de8f3fcc611d82a813f3d565b13d68d52d43b774efc1433601106507?s=96&d=mm&r=g\",\"caption\":\"Externos\"},\"url\":\"https:\/\/anhermed.es\/cat\/author\/externos\/\"}]}<\/script>\n<!-- \/ Yoast SEO plugin. -->","yoast_head_json":{"title":"Depilaci\u00f3n l\u00e1ser en invierno: la mejor \u00e9poca para empezar","description":"Descubre por qu\u00e9 la depilaci\u00f3n l\u00e1ser en invierno es m\u00e1s segura y efectiva. Empieza ahora y llega al verano con resultados visibles y duraderos.","robots":{"index":"index","follow":"follow","max-snippet":"max-snippet:-1","max-image-preview":"max-image-preview:large","max-video-preview":"max-video-preview:-1"},"canonical":"https:\/\/anhermed.es\/cat\/depilacion-laser-en-invierno\/","og_locale":"ca_ES","og_type":"article","og_title":"Depilaci\u00f3n l\u00e1ser en invierno: la mejor \u00e9poca para empezar","og_description":"Descubre por qu\u00e9 la depilaci\u00f3n l\u00e1ser en invierno es m\u00e1s segura y efectiva. Empieza ahora y llega al verano con resultados visibles y duraderos.","og_url":"https:\/\/anhermed.es\/cat\/depilacion-laser-en-invierno\/","og_site_name":"Anhermed","article_published_time":"2025-12-23T15:21:26+00:00","article_modified_time":"2025-12-26T15:59:50+00:00","og_image":[{"width":2240,"height":1260,"url":"https:\/\/anhermed.es\/wp-content\/uploads\/2025\/12\/ANA-HERVAS-MEDINA-1.jpg","type":"image\/jpeg"}],"author":"Externos","twitter_card":"summary_large_image","twitter_misc":{"Escrit per":"Externos","Temps estimat de lectura":"3 minuts"},"schema":{"@context":"https:\/\/schema.org","@graph":[{"@type":"Article","@id":"https:\/\/anhermed.es\/depilacion-laser-en-invierno\/#article","isPartOf":{"@id":"https:\/\/anhermed.es\/depilacion-laser-en-invierno\/"},"author":{"name":"Externos","@id":"https:\/\/anhermed.es\/#\/schema\/person\/609d7bac6ccdca8dd80fda8d7f2ab138"},"headline":"Depilaci\u00f3n l\u00e1ser en invierno: por qu\u00e9 es la mejor \u00e9poca para empezar","datePublished":"2025-12-23T15:21:26+00:00","dateModified":"2025-12-26T15:59:50+00:00","mainEntityOfPage":{"@id":"https:\/\/anhermed.es\/depilacion-laser-en-invierno\/"},"wordCount":559,"commentCount":0,"publisher":{"@id":"https:\/\/anhermed.es\/#organization"},"image":{"@id":"https:\/\/anhermed.es\/depilacion-laser-en-invierno\/#primaryimage"},"thumbnailUrl":"https:\/\/anhermed.es\/wp-content\/uploads\/2025\/12\/ANA-HERVAS-MEDINA-1.jpg","articleSection":["Blog"],"inLanguage":"ca","potentialAction":[{"@type":"CommentAction","name":"Comment","target":["https:\/\/anhermed.es\/depilacion-laser-en-invierno\/#respond"]}]},{"@type":"WebPage","@id":"https:\/\/anhermed.es\/depilacion-laser-en-invierno\/","url":"https:\/\/anhermed.es\/depilacion-laser-en-invierno\/","name":"Depilaci\u00f3n l\u00e1ser en invierno: la mejor \u00e9poca para empezar","isPartOf":{"@id":"https:\/\/anhermed.es\/#website"},"primaryImageOfPage":{"@id":"https:\/\/anhermed.es\/depilacion-laser-en-invierno\/#primaryimage"},"image":{"@id":"https:\/\/anhermed.es\/depilacion-laser-en-invierno\/#primaryimage"},"thumbnailUrl":"https:\/\/anhermed.es\/wp-content\/uploads\/2025\/12\/ANA-HERVAS-MEDINA-1.jpg","datePublished":"2025-12-23T15:21:26+00:00","dateModified":"2025-12-26T15:59:50+00:00","description":"Descubre por qu\u00e9 la depilaci\u00f3n l\u00e1ser en invierno es m\u00e1s segura y efectiva. Empieza ahora y llega al verano con resultados visibles y duraderos.","breadcrumb":{"@id":"https:\/\/anhermed.es\/depilacion-laser-en-invierno\/#breadcrumb"},"inLanguage":"ca","potentialAction":[{"@type":"ReadAction","target":["https:\/\/anhermed.es\/depilacion-laser-en-invierno\/"]}]},{"@type":"ImageObject","inLanguage":"ca","@id":"https:\/\/anhermed.es\/depilacion-laser-en-invierno\/#primaryimage","url":"https:\/\/anhermed.es\/wp-content\/uploads\/2025\/12\/ANA-HERVAS-MEDINA-1.jpg","contentUrl":"https:\/\/anhermed.es\/wp-content\/uploads\/2025\/12\/ANA-HERVAS-MEDINA-1.jpg","width":2240,"height":1260,"caption":"Depilaci\u00f3n l\u00e1ser"},{"@type":"BreadcrumbList","@id":"https:\/\/anhermed.es\/depilacion-laser-en-invierno\/#breadcrumb","itemListElement":[{"@type":"ListItem","position":1,"name":"Portada","item":"https:\/\/anhermed.es\/"},{"@type":"ListItem","position":2,"name":"Depilaci\u00f3n l\u00e1ser en invierno: por qu\u00e9 es la mejor \u00e9poca para empezar"}]},{"@type":"WebSite","@id":"https:\/\/anhermed.es\/#website","url":"https:\/\/anhermed.es\/","name":"Anhermed","description":"","publisher":{"@id":"https:\/\/anhermed.es\/#organization"},"potentialAction":[{"@type":"SearchAction","target":{"@type":"EntryPoint","urlTemplate":"https:\/\/anhermed.es\/?s={search_term_string}"},"query-input":{"@type":"PropertyValueSpecification","valueRequired":true,"valueName":"search_term_string"}}],"inLanguage":"ca"},{"@type":"Organization","@id":"https:\/\/anhermed.es\/#organization","name":"Anhermed","url":"https:\/\/anhermed.es\/","logo":{"@type":"ImageObject","inLanguage":"ca","@id":"https:\/\/anhermed.es\/#\/schema\/logo\/image\/","url":"https:\/\/anhermed.es\/wp-content\/uploads\/2024\/07\/ANHERMED-1.svg","contentUrl":"https:\/\/anhermed.es\/wp-content\/uploads\/2024\/07\/ANHERMED-1.svg","width":209,"height":215,"caption":"Anhermed"},"image":{"@id":"https:\/\/anhermed.es\/#\/schema\/logo\/image\/"}},{"@type":"Person","@id":"https:\/\/anhermed.es\/#\/schema\/person\/609d7bac6ccdca8dd80fda8d7f2ab138","name":"Externos","image":{"@type":"ImageObject","inLanguage":"ca","@id":"https:\/\/anhermed.es\/#\/schema\/person\/image\/","url":"https:\/\/secure.gravatar.com\/avatar\/8a434a38de8f3fcc611d82a813f3d565b13d68d52d43b774efc1433601106507?s=96&d=mm&r=g","contentUrl":"https:\/\/secure.gravatar.com\/avatar\/8a434a38de8f3fcc611d82a813f3d565b13d68d52d43b774efc1433601106507?s=96&d=mm&r=g","caption":"Externos"},"url":"https:\/\/anhermed.es\/cat\/author\/externos\/"}]}},"_links":{"self":[{"href":"https:\/\/anhermed.es\/cat\/wp-json\/wp\/v2\/posts\/1855","targetHints":{"allow":["GET"]}}],"collection":[{"href":"https:\/\/anhermed.es\/cat\/wp-json\/wp\/v2\/posts"}],"about":[{"href":"https:\/\/anhermed.es\/cat\/wp-json\/wp\/v2\/types\/post"}],"author":[{"embeddable":true,"href":"https:\/\/anhermed.es\/cat\/wp-json\/wp\/v2\/users\/7"}],"replies":[{"embeddable":true,"href":"https:\/\/anhermed.es\/cat\/wp-json\/wp\/v2\/comments?post=1855"}],"version-history":[{"count":8,"href":"https:\/\/anhermed.es\/cat\/wp-json\/wp\/v2\/posts\/1855\/revisions"}],"predecessor-version":[{"id":1869,"href":"https:\/\/anhermed.es\/cat\/wp-json\/wp\/v2\/posts\/1855\/revisions\/1869"}],"wp:featuredmedia":[{"embeddable":true,"href":"https:\/\/anhermed.es\/cat\/wp-json\/wp\/v2\/media\/1856"}],"wp:attachment":[{"href":"https:\/\/anhermed.es\/cat\/wp-json\/wp\/v2\/media?parent=1855"}],"wp:term":[{"taxonomy":"category","embeddable":true,"href":"https:\/\/anhermed.es\/cat\/wp-json\/wp\/v2\/categories?post=1855"},{"taxonomy":"post_tag","embeddable":true,"href":"https:\/\/anhermed.es\/cat\/wp-json\/wp\/v2\/tags?post=1855"}],"curies":[{"name":"wp","href":"https:\/\/api.w.org\/{rel}","templated":true}]}}